{"id":74597,"date":"2023-04-01T18:42:46","date_gmt":"2023-04-01T18:42:46","guid":{"rendered":"https:\/\/jorgezanoni.com.br\/2019\/?p=74597"},"modified":"2023-04-01T18:42:46","modified_gmt":"2023-04-01T18:42:46","slug":"policia-civil-em-parceria-com-mp-oab-e-creas-inaugura-sala-de-atendimento-a-mulheres-em-junqueiropolis","status":"publish","type":"post","link":"https:\/\/jorgezanoni.com.br\/2019\/policia-civil-em-parceria-com-mp-oab-e-creas-inaugura-sala-de-atendimento-a-mulheres-em-junqueiropolis\/","title":{"rendered":"Pol\u00edcia Civil em parceria com MP, OAB e CREAS, inaugura sala de atendimento a Mulheres em Junqueir\u00f3polis"},"content":{"rendered":"<p style=\"text-align: justify;\">A Pol\u00edcia Civil, por interm\u00e9dio da Delegacia de Pol\u00edcia de Junqueir\u00f3polis, em parceria com Minist\u00e9rio P\u00fablico, OAB &#8211; Subse\u00e7\u00e3o Junqueir\u00f3polis e CREAS, nesta sexta-feira (31), ainda no contexto dos eventos em comemora\u00e7\u00e3o ao m\u00eas de conscientiza\u00e7\u00e3o \u00e0s mulheres, inaugurou uma sala exclusivamente dedicada ao acolhimento e ao atendimento t\u00e9cnico jur\u00eddico \u00e0s v\u00edtimas de viol\u00eancia dom\u00e9stica.<br \/>\nO objetivo \u00e9 garantir \u00e0s mulheres que sofreram viol\u00eancia dom\u00e9stica um atendimento multidisciplinar associando, al\u00e9m da presta\u00e7\u00e3o das medidas policiais, o aux\u00edlio em assuntos civis, como por exemplo div\u00f3rcio, partilha de bens e guarda dos filhos. E O projeto foi idealizado pela Delegacia de Pol\u00edcia de Junqueir\u00f3polis, em conjunto com Ordem dos Advogados do Brasil, subse\u00e7\u00e3o de Junqueir\u00f3polis, Minist\u00e9rio P\u00fablico e CREAS.<br \/>\nNa inaugura\u00e7\u00e3o da sala estiverem presentes al\u00e9m do anfitri\u00e3o, Dr Eliandro Renato dos Santos, titular da Delegacia de Pol\u00edcia de Junqueir\u00f3polis; o Dr Andr\u00e9 Luiz Luengo, representando o Deinter 8; e o Dr F\u00e9res Curi Karam, representando a Delegacia Seccional de Pol\u00edcia de Dracena.<br \/>\nFizeram-se ainda presentes ao evento o Dr M\u00e1rcio Baraldo, presidente da OAB, subsec\u00e7\u00e3o de Junqueir\u00f3polis e mestre de cerim\u00f4nias do evento; o Dr Juliano Stevanato Pereira, presidente da OAB Dracena; o Dr Wandickon Em\u00eddio, juiz de Direito da Comarca de Junqueir\u00f3polis; a Dr\u00aa Jamila Tavares, Promotora de Justi\u00e7a; a Dr Cl\u00e1udia Iwaki, representando o Prefeito Municipal; o presidente da C\u00e2mara Municipal de Junqueir\u00f3polis, Valdir &#8220;Chimbinha&#8221;; os Vereadores &#8220;Ruy da Ambul\u00e2ncia&#8221;, Terezinha Regodanso, Neto Furini e Sofia Rodrigues; o empres\u00e1rio Jos\u00e9 de Souza, al\u00e9m de advogados e advogadas e colaboradores que j\u00e1 na pr\u00f3xima semana come\u00e7ar\u00e3o os atendimentos.<br \/>\nA Dr\u00aa Luciana Falc\u00e3o, delegada de pol\u00edcia titular da Delegacia de Pol\u00edcia de Defesa da Mulher de Dracena e pioneira no projeto na regi\u00e3o, tamb\u00e9m este presente a inaugura\u00e7\u00e3o.<\/p>\n<p><img loading=\"lazy\" decoding=\"async\" class=\"alignnone size-full wp-image-74598\" src=\"https:\/\/jorgezanoni.com.br\/2019\/wp-content\/uploads\/2023\/04\/trio-Pequeno.jpg\" alt=\"\" width=\"480\" height=\"854\" srcset=\"https:\/\/jorgezanoni.com.br\/2019\/wp-content\/uploads\/2023\/04\/trio-Pequeno.jpg 480w, https:\/\/jorgezanoni.com.br\/2019\/wp-content\/uploads\/2023\/04\/trio-Pequeno-169x300.jpg 169w, https:\/\/jorgezanoni.com.br\/2019\/wp-content\/uploads\/2023\/04\/trio-Pequeno-236x420.jpg 236w\" sizes=\"auto, (max-width: 480px) 100vw, 480px\" \/> <img loading=\"lazy\" decoding=\"async\" class=\"alignnone size-full wp-image-74599\" src=\"https:\/\/jorgezanoni.com.br\/2019\/wp-content\/uploads\/2023\/04\/trio1-Pequeno.jpg\" alt=\"\" width=\"480\" height=\"684\" srcset=\"https:\/\/jorgezanoni.com.br\/2019\/wp-content\/uploads\/2023\/04\/trio1-Pequeno.jpg 480w, https:\/\/jorgezanoni.com.br\/2019\/wp-content\/uploads\/2023\/04\/trio1-Pequeno-211x300.jpg 211w, https:\/\/jorgezanoni.com.br\/2019\/wp-content\/uploads\/2023\/04\/trio1-Pequeno-295x420.jpg 295w\" sizes=\"auto, (max-width: 480px) 100vw, 480px\" \/> <img loading=\"lazy\" decoding=\"async\" class=\"alignnone size-full wp-image-74601\" src=\"https:\/\/jorgezanoni.com.br\/2019\/wp-content\/uploads\/2023\/04\/trio3-Pequeno.jpg\" alt=\"\" width=\"640\" height=\"480\" srcset=\"https:\/\/jorgezanoni.com.br\/2019\/wp-content\/uploads\/2023\/04\/trio3-Pequeno.jpg 640w, https:\/\/jorgezanoni.com.br\/2019\/wp-content\/uploads\/2023\/04\/trio3-Pequeno-300x225.jpg 300w, https:\/\/jorgezanoni.com.br\/2019\/wp-content\/uploads\/2023\/04\/trio3-Pequeno-80x60.jpg 80w, https:\/\/jorgezanoni.com.br\/2019\/wp-content\/uploads\/2023\/04\/trio3-Pequeno-265x198.jpg 265w, https:\/\/jorgezanoni.com.br\/2019\/wp-content\/uploads\/2023\/04\/trio3-Pequeno-560x420.jpg 560w\" sizes=\"auto, (max-width: 640px) 100vw, 640px\" \/> <img loading=\"lazy\" decoding=\"async\" class=\"alignnone size-full wp-image-74602\" src=\"https:\/\/jorgezanoni.com.br\/2019\/wp-content\/uploads\/2023\/04\/trio4-Pequeno.jpg\" alt=\"\" width=\"480\" height=\"854\" srcset=\"https:\/\/jorgezanoni.com.br\/2019\/wp-content\/uploads\/2023\/04\/trio4-Pequeno.jpg 480w, https:\/\/jorgezanoni.com.br\/2019\/wp-content\/uploads\/2023\/04\/trio4-Pequeno-169x300.jpg 169w, https:\/\/jorgezanoni.com.br\/2019\/wp-content\/uploads\/2023\/04\/trio4-Pequeno-236x420.jpg 236w\" sizes=\"auto, (max-width: 480px) 100vw, 480px\" \/><\/p>\n<p>Fonte: Com. Social Pol\u00edcia Civil<\/p>\n","protected":false},"excerpt":{"rendered":"<p>A Pol\u00edcia Civil, por interm\u00e9dio da Delegacia de Pol\u00edcia de Junqueir\u00f3polis, em parceria com Minist\u00e9rio P\u00fablico, OAB &#8211; Subse\u00e7\u00e3o Junqueir\u00f3polis e CREAS, nesta sexta-feira (31), ainda no contexto dos eventos em comemora\u00e7\u00e3o ao m\u00eas de conscientiza\u00e7\u00e3o \u00e0s mulheres, inaugurou uma sala exclusivamente dedicada ao acolhimento e ao atendimento t\u00e9cnico jur\u00eddico \u00e0s v\u00edtimas de viol\u00eancia dom\u00e9stica. [&hellip;]<\/p>\n","protected":false},"author":1,"featured_media":74600,"comment_status":"closed","ping_status":"open","sticky":false,"template":"","format":"standard","meta":{"footnotes":""},"categories":[110,2],"tags":[],"class_list":["post-74597","post","type-post","status-publish","format-standard","has-post-thumbnail","hentry","category-noticiasdestaque","category-policial"],"_links":{"self":[{"href":"https:\/\/jorgezanoni.com.br\/2019\/wp-json\/wp\/v2\/posts\/74597","targetHints":{"allow":["GET"]}}],"collection":[{"href":"https:\/\/jorgezanoni.com.br\/2019\/wp-json\/wp\/v2\/posts"}],"about":[{"href":"https:\/\/jorgezanoni.com.br\/2019\/wp-json\/wp\/v2\/types\/post"}],"author":[{"embeddable":true,"href":"https:\/\/jorgezanoni.com.br\/2019\/wp-json\/wp\/v2\/users\/1"}],"replies":[{"embeddable":true,"href":"https:\/\/jorgezanoni.com.br\/2019\/wp-json\/wp\/v2\/comments?post=74597"}],"version-history":[{"count":1,"href":"https:\/\/jorgezanoni.com.br\/2019\/wp-json\/wp\/v2\/posts\/74597\/revisions"}],"predecessor-version":[{"id":74603,"href":"https:\/\/jorgezanoni.com.br\/2019\/wp-json\/wp\/v2\/posts\/74597\/revisions\/74603"}],"wp:featuredmedia":[{"embeddable":true,"href":"https:\/\/jorgezanoni.com.br\/2019\/wp-json\/wp\/v2\/media\/74600"}],"wp:attachment":[{"href":"https:\/\/jorgezanoni.com.br\/2019\/wp-json\/wp\/v2\/media?parent=74597"}],"wp:term":[{"taxonomy":"category","embeddable":true,"href":"https:\/\/jorgezanoni.com.br\/2019\/wp-json\/wp\/v2\/categories?post=74597"},{"taxonomy":"post_tag","embeddable":true,"href":"https:\/\/jorgezanoni.com.br\/2019\/wp-json\/wp\/v2\/tags?post=74597"}],"curies":[{"name":"wp","href":"https:\/\/api.w.org\/{rel}","templated":true}]}}