{"id":74590,"date":"2023-04-01T16:14:06","date_gmt":"2023-04-01T16:14:06","guid":{"rendered":"https:\/\/jorgezanoni.com.br\/2019\/?p=74590"},"modified":"2023-04-01T16:14:06","modified_gmt":"2023-04-01T16:14:06","slug":"big-mart-centro-de-compras-da-inicio-a-construcao-em-dracena","status":"publish","type":"post","link":"https:\/\/jorgezanoni.com.br\/2019\/big-mart-centro-de-compras-da-inicio-a-construcao-em-dracena\/","title":{"rendered":"BIG MART &#8211; CENTRO DE COMPRAS d\u00e1 in\u00edcio \u00e0 constru\u00e7\u00e3o em Dracena."},"content":{"rendered":"<p style=\"text-align: justify;\"><strong>Obras tiveram in\u00edcio esta semana e segundo informa\u00e7\u00f5es obtidas pela reportagem do Site JZ e TOP TV, inaugura\u00e7\u00e3o est\u00e1 prevista para julho deste ano.<\/strong><\/p>\n<div class=\"ntc_resumo_noticia sw_lato_bold\" style=\"text-align: justify;\">A loja que foi anunciada pelo senhor Marco Ant\u00f4nio Rasquel em 3 de agosto de 2.022, contar\u00e1 com 350 colaboradores diretos e indiretos.<\/div>\n<div style=\"text-align: justify;\"><\/div>\n<div class=\"ntc_descricao_noticia\">\n<div class=\"ntc_cont_descricao_noticia sw_txteditor\">\n<p style=\"text-align: justify;\">A constru\u00e7\u00e3o est\u00e1 sendo erguida no cruzamento das Avenidas Inglaterra com a dos Manguezais, sentido Bairro Aroeiras. O local ser\u00e1 cart\u00e3o de visitas para quem entra e sai da cidade pela Rodovia Comandante Jo\u00e3o Ribeiro de Barros. Fica no Bairro Campo Belo, pr\u00f3ximo aos Bairros S\u00e3o Crist\u00f3v\u00e3o, Frei Moacir III e Jardim das Palmeiras IV.<\/p>\n<p><img loading=\"lazy\" decoding=\"async\" class=\"alignnone size-full wp-image-74591\" src=\"https:\/\/jorgezanoni.com.br\/2019\/wp-content\/uploads\/2023\/04\/IMG_5459-Pequeno-2.jpg\" alt=\"\" width=\"579\" height=\"302\" srcset=\"https:\/\/jorgezanoni.com.br\/2019\/wp-content\/uploads\/2023\/04\/IMG_5459-Pequeno-2.jpg 579w, https:\/\/jorgezanoni.com.br\/2019\/wp-content\/uploads\/2023\/04\/IMG_5459-Pequeno-2-300x156.jpg 300w\" sizes=\"auto, (max-width: 579px) 100vw, 579px\" \/> <img loading=\"lazy\" decoding=\"async\" class=\"alignnone size-full wp-image-74592\" src=\"https:\/\/jorgezanoni.com.br\/2019\/wp-content\/uploads\/2023\/04\/IMG_5460-Pequeno-2.jpg\" alt=\"\" width=\"614\" height=\"274\" srcset=\"https:\/\/jorgezanoni.com.br\/2019\/wp-content\/uploads\/2023\/04\/IMG_5460-Pequeno-2.jpg 614w, https:\/\/jorgezanoni.com.br\/2019\/wp-content\/uploads\/2023\/04\/IMG_5460-Pequeno-2-300x134.jpg 300w\" sizes=\"auto, (max-width: 614px) 100vw, 614px\" \/> <img loading=\"lazy\" decoding=\"async\" class=\"alignnone size-full wp-image-74594\" src=\"https:\/\/jorgezanoni.com.br\/2019\/wp-content\/uploads\/2023\/04\/IMG_5462-Pequeno.jpg\" alt=\"\" width=\"640\" height=\"480\" srcset=\"https:\/\/jorgezanoni.com.br\/2019\/wp-content\/uploads\/2023\/04\/IMG_5462-Pequeno.jpg 640w, https:\/\/jorgezanoni.com.br\/2019\/wp-content\/uploads\/2023\/04\/IMG_5462-Pequeno-300x225.jpg 300w, https:\/\/jorgezanoni.com.br\/2019\/wp-content\/uploads\/2023\/04\/IMG_5462-Pequeno-80x60.jpg 80w, https:\/\/jorgezanoni.com.br\/2019\/wp-content\/uploads\/2023\/04\/IMG_5462-Pequeno-265x198.jpg 265w, https:\/\/jorgezanoni.com.br\/2019\/wp-content\/uploads\/2023\/04\/IMG_5462-Pequeno-560x420.jpg 560w\" sizes=\"auto, (max-width: 640px) 100vw, 640px\" \/> <img loading=\"lazy\" decoding=\"async\" class=\"alignnone size-full wp-image-74595\" src=\"https:\/\/jorgezanoni.com.br\/2019\/wp-content\/uploads\/2023\/04\/IMG_5463-Pequeno-2.jpg\" alt=\"\" width=\"637\" height=\"345\" srcset=\"https:\/\/jorgezanoni.com.br\/2019\/wp-content\/uploads\/2023\/04\/IMG_5463-Pequeno-2.jpg 637w, https:\/\/jorgezanoni.com.br\/2019\/wp-content\/uploads\/2023\/04\/IMG_5463-Pequeno-2-300x162.jpg 300w\" sizes=\"auto, (max-width: 637px) 100vw, 637px\" \/><\/p>\n<p style=\"text-align: justify;\">Jorge Zanoni<\/p>\n<\/div>\n<\/div>\n<p>VEJA MAT\u00c9RIA COMPLETA DA APRESENTA\u00c7\u00c3O DO PROJETO EM AGOSTO DE 2.022.<\/p>\n<blockquote class=\"wp-embedded-content\" data-secret=\"0aJsC1PanS\"><p><a href=\"https:\/\/jorgezanoni.com.br\/2019\/big-mart-centro-de-compras-apresenta-projeto-do-grande-empreendimento-que-sera-construido-em-dracena\/\">BIG MART\u2013CENTRO DE COMPRAS apresenta projeto do grande empreendimento que ser\u00e1 constru\u00eddo em Dracena<\/a><\/p><\/blockquote>\n<p><iframe loading=\"lazy\" class=\"wp-embedded-content\" sandbox=\"allow-scripts\" security=\"restricted\" style=\"position: absolute; clip: rect(1px, 1px, 1px, 1px);\" title=\"&#8220;BIG MART\u2013CENTRO DE COMPRAS apresenta projeto do grande empreendimento que ser\u00e1 constru\u00eddo em Dracena&#8221; &#8212; Jorge Zanoni\" src=\"https:\/\/jorgezanoni.com.br\/2019\/big-mart-centro-de-compras-apresenta-projeto-do-grande-empreendimento-que-sera-construido-em-dracena\/embed\/#?secret=wTXwsOlciu#?secret=0aJsC1PanS\" data-secret=\"0aJsC1PanS\" width=\"600\" height=\"338\" frameborder=\"0\" marginwidth=\"0\" marginheight=\"0\" scrolling=\"no\"><\/iframe><\/p>\n","protected":false},"excerpt":{"rendered":"<p>Obras tiveram in\u00edcio esta semana e segundo informa\u00e7\u00f5es obtidas pela reportagem do Site JZ e TOP TV, inaugura\u00e7\u00e3o est\u00e1 prevista para julho deste ano. A loja que foi anunciada pelo senhor Marco Ant\u00f4nio Rasquel em 3 de agosto de 2.022, contar\u00e1 com 350 colaboradores diretos e indiretos. A constru\u00e7\u00e3o est\u00e1 sendo erguida no cruzamento das [&hellip;]<\/p>\n","protected":false},"author":1,"featured_media":74593,"comment_status":"closed","ping_status":"open","sticky":false,"template":"","format":"standard","meta":{"footnotes":""},"categories":[179,184,114,110],"tags":[],"class_list":["post-74590","post","type-post","status-publish","format-standard","has-post-thumbnail","hentry","category-cidadeseregiao","category-dracena","category-geralecomercio","category-noticiasdestaque"],"_links":{"self":[{"href":"https:\/\/jorgezanoni.com.br\/2019\/wp-json\/wp\/v2\/posts\/74590","targetHints":{"allow":["GET"]}}],"collection":[{"href":"https:\/\/jorgezanoni.com.br\/2019\/wp-json\/wp\/v2\/posts"}],"about":[{"href":"https:\/\/jorgezanoni.com.br\/2019\/wp-json\/wp\/v2\/types\/post"}],"author":[{"embeddable":true,"href":"https:\/\/jorgezanoni.com.br\/2019\/wp-json\/wp\/v2\/users\/1"}],"replies":[{"embeddable":true,"href":"https:\/\/jorgezanoni.com.br\/2019\/wp-json\/wp\/v2\/comments?post=74590"}],"version-history":[{"count":1,"href":"https:\/\/jorgezanoni.com.br\/2019\/wp-json\/wp\/v2\/posts\/74590\/revisions"}],"predecessor-version":[{"id":74596,"href":"https:\/\/jorgezanoni.com.br\/2019\/wp-json\/wp\/v2\/posts\/74590\/revisions\/74596"}],"wp:featuredmedia":[{"embeddable":true,"href":"https:\/\/jorgezanoni.com.br\/2019\/wp-json\/wp\/v2\/media\/74593"}],"wp:attachment":[{"href":"https:\/\/jorgezanoni.com.br\/2019\/wp-json\/wp\/v2\/media?parent=74590"}],"wp:term":[{"taxonomy":"category","embeddable":true,"href":"https:\/\/jorgezanoni.com.br\/2019\/wp-json\/wp\/v2\/categories?post=74590"},{"taxonomy":"post_tag","embeddable":true,"href":"https:\/\/jorgezanoni.com.br\/2019\/wp-json\/wp\/v2\/tags?post=74590"}],"curies":[{"name":"wp","href":"https:\/\/api.w.org\/{rel}","templated":true}]}}