{"id":7457,"date":"2019-09-27T15:06:04","date_gmt":"2019-09-27T15:06:04","guid":{"rendered":"https:\/\/jorgezanoni.com.br\/2019\/?p=7457"},"modified":"2019-09-27T15:06:04","modified_gmt":"2019-09-27T15:06:04","slug":"confira-o-plantao-policial-das-ultimas-horas-27-09-19","status":"publish","type":"post","link":"https:\/\/jorgezanoni.com.br\/2019\/confira-o-plantao-policial-das-ultimas-horas-27-09-19\/","title":{"rendered":"Confira o Plant\u00e3o Policial das \u00faltimas horas 27\/09\/19"},"content":{"rendered":"<p style=\"text-align: justify;\"><strong>POL\u00cdCIA MILITAR PRENDE HOMEM POR TR\u00c1FICO EM DRACENA\/SP COM MAIS DE 60 INV\u00d3LUCROS DE DROGA<\/strong><\/p>\n<p style=\"text-align: justify;\">Tr\u00e1fico de drogas<\/p>\n<p style=\"text-align: justify;\">Data: 26SET19 \u00e0s 20h00min.<\/p>\n<p style=\"text-align: justify;\">Endere\u00e7o: Rua Orlando Fruchi x Rua Jo\u00e3o Miasi \u2013 Tonico Andr\u00e9 &#8211; Dracena\/SP.<\/p>\n<p style=\"text-align: justify;\">Autor:L.A.S (23 anos)<\/p>\n<p style=\"text-align: justify;\">Apreens\u00e3o: 41 por\u00e7\u00f5es de maconha (0,079Kg) e 25 por\u00e7\u00f5es de coca\u00edna (0,045 Kg)<\/p>\n<p style=\"text-align: justify;\">Na noite de ontem (26) por volta das 20h00min ap\u00f3s receber den\u00fancias an\u00f4nimas de que L.A.S estaria saindo de sua casa no bairro Oasis- Tupi Paulista e indo levar drogas para abastecer um bairro em Dracena, as equipe de For\u00e7a T\u00e1tica come\u00e7ou a patrulhar e abordou o ve\u00edculo Celta (uber) com dois ocupantes, em busca pessoal nada de il\u00edcito encontrado, por\u00e9m em busca no ve\u00edculo na porta lado passageiro foi localizado uma sacola em seu interior 25 por\u00e7\u00f5es de coca\u00edna, pesando 0,045 Kg e 41 por\u00e7\u00f5es de maconha pesando 0,079 Kg. Foi dado voz de pris\u00e3o ao indiciado onde permaneceu preso.<\/p>\n<p style=\"text-align: justify;\"><strong>SEMPRE ATENTOS: POL\u00cdCIA MILITAR PRENDE 03 PROCURADOS PELA JUSTI\u00c7A EM MENOS DE 8 HORAS.<\/strong><\/p>\n<p style=\"text-align: justify;\">Condenado Capturado<\/p>\n<p style=\"text-align: justify;\">Data: 26SET19 \u00e0s 23h57min.<\/p>\n<p style=\"text-align: justify;\">Endere\u00e7o: Rua Castro Alves, 1746 \u2013 Bairro Tonico Andr\u00e9 \u2013 Dracena\/SP.<\/p>\n<p style=\"text-align: justify;\">Autor:C.H.D.R (32 anos)<\/p>\n<p style=\"text-align: justify;\">Condenado Capturado<\/p>\n<p style=\"text-align: justify;\">Data: 26SET19 \u00e0s 17h50min.<\/p>\n<p style=\"text-align: justify;\">Endere\u00e7o: Vicinal Erones Barbosa, Km 15 Bairro P\u00e9 de Galinha &#8211; Mari\u00e1polis\/SP.<\/p>\n<p style=\"text-align: justify;\">Autor:W.A.O (33 anos)<\/p>\n<p style=\"text-align: justify;\">Amea\u00e7a\/vias de fato\/Lei Maria da Penha\/Condenado Capturado<\/p>\n<p style=\"text-align: justify;\">Data: 26SET19 \u00e0s 22h07min.<\/p>\n<p style=\"text-align: justify;\">Endere\u00e7o: Rua An\u00e1lia Franco, 448\u2013 Centro \u2013 Dracena\/SP.<\/p>\n<p style=\"text-align: justify;\">Autor:A.N.S (49 anos)<\/p>\n<p style=\"text-align: justify;\">V\u00edtima: F.C.L (31 anos)<\/p>\n<p style=\"text-align: justify;\">V\u00edtima 02: 15 anos<\/p>\n<p style=\"text-align: justify;\">\n<p style=\"text-align: justify;\">No dia 26SET por volta das 23h57min a equipe da Pol\u00edcia Militar na cidade de Dracena ap\u00f3s den\u00fancia an\u00f4nima de que o autor C.H.D.R estaria com um mandado de pris\u00e3o, sendo ele abordado permanecendo preso a disposi\u00e7\u00e3o de Justi\u00e7a.<\/p>\n<p style=\"text-align: justify;\">Na mesma data (26) no per\u00edodo da tarde na cidade de Adamantina por volta das 17h50min de posse do mandado de pris\u00e3o foi abordado W.A.O permanecendo a disposi\u00e7\u00e3o da Justi\u00e7a.<\/p>\n<p style=\"text-align: justify;\">Na noite de ontem (26) por volta das 22h07min ap\u00f3s solicita\u00e7\u00e3o do COPOMfoi localizada a v\u00edtima que relatou ter sido agredida pelo seu am\u00e1sio e ao chegar no local mesmo diante da negativa do autor foi dado voz de pris\u00e3o em flagrante, pois a v\u00edtima reafirmava que foi agredida pelo seu am\u00e1sio, sendo amea\u00e7ada de morte com uma faca\u00a0e junto com sua filha conseguiu\u00a0fugir e pedindo ajuda ligando para a pol\u00edcia. \u00a0O autor permaneceu preso pelo crime de\u00a0amea\u00e7a\/vias de fatos\/Maria da penha ficando a disposi\u00e7\u00e3o da Justi\u00e7a.<\/p>\n<p style=\"text-align: justify;\">#25BPMI<\/p>\n<p style=\"text-align: justify;\">#POLICIAMILITARSP<\/p>\n<p style=\"text-align: justify;\">#AFOR\u00c7AP\u00daBLICADES\u00c3OPAULO<\/p>\n<p style=\"text-align: justify;\">Fonte: COMUNICA\u00c7\u00c3O SOCIAL DO 25\u00ba BPM\/I &#8211; Dracena e regi\u00e3o.<\/p>\n","protected":false},"excerpt":{"rendered":"<p>POL\u00cdCIA MILITAR PRENDE HOMEM POR TR\u00c1FICO EM DRACENA\/SP COM MAIS DE 60 INV\u00d3LUCROS DE DROGA Tr\u00e1fico de drogas Data: 26SET19 \u00e0s 20h00min. Endere\u00e7o: Rua Orlando Fruchi x Rua Jo\u00e3o Miasi \u2013 Tonico Andr\u00e9 &#8211; Dracena\/SP. Autor:L.A.S (23 anos) Apreens\u00e3o: 41 por\u00e7\u00f5es de maconha (0,079Kg) e 25 por\u00e7\u00f5es de coca\u00edna (0,045 Kg) Na noite de ontem [&hellip;]<\/p>\n","protected":false},"author":1,"featured_media":7458,"comment_status":"closed","ping_status":"open","sticky":false,"template":"","format":"standard","meta":{"footnotes":""},"categories":[2],"tags":[],"class_list":["post-7457","post","type-post","status-publish","format-standard","has-post-thumbnail","hentry","category-policial"],"_links":{"self":[{"href":"https:\/\/jorgezanoni.com.br\/2019\/wp-json\/wp\/v2\/posts\/7457","targetHints":{"allow":["GET"]}}],"collection":[{"href":"https:\/\/jorgezanoni.com.br\/2019\/wp-json\/wp\/v2\/posts"}],"about":[{"href":"https:\/\/jorgezanoni.com.br\/2019\/wp-json\/wp\/v2\/types\/post"}],"author":[{"embeddable":true,"href":"https:\/\/jorgezanoni.com.br\/2019\/wp-json\/wp\/v2\/users\/1"}],"replies":[{"embeddable":true,"href":"https:\/\/jorgezanoni.com.br\/2019\/wp-json\/wp\/v2\/comments?post=7457"}],"version-history":[{"count":0,"href":"https:\/\/jorgezanoni.com.br\/2019\/wp-json\/wp\/v2\/posts\/7457\/revisions"}],"wp:featuredmedia":[{"embeddable":true,"href":"https:\/\/jorgezanoni.com.br\/2019\/wp-json\/wp\/v2\/media\/7458"}],"wp:attachment":[{"href":"https:\/\/jorgezanoni.com.br\/2019\/wp-json\/wp\/v2\/media?parent=7457"}],"wp:term":[{"taxonomy":"category","embeddable":true,"href":"https:\/\/jorgezanoni.com.br\/2019\/wp-json\/wp\/v2\/categories?post=7457"},{"taxonomy":"post_tag","embeddable":true,"href":"https:\/\/jorgezanoni.com.br\/2019\/wp-json\/wp\/v2\/tags?post=7457"}],"curies":[{"name":"wp","href":"https:\/\/api.w.org\/{rel}","templated":true}]}}