{"id":74527,"date":"2023-03-30T22:43:14","date_gmt":"2023-03-30T22:43:14","guid":{"rendered":"https:\/\/jorgezanoni.com.br\/2019\/?p=74527"},"modified":"2023-03-30T22:43:14","modified_gmt":"2023-03-30T22:43:14","slug":"guarda-compartilhada-por-cidinha-pascoaloto","status":"publish","type":"post","link":"https:\/\/jorgezanoni.com.br\/2019\/guarda-compartilhada-por-cidinha-pascoaloto\/","title":{"rendered":"Guarda compartilhada  (por Cidinha Pascoaloto)"},"content":{"rendered":"<p style=\"text-align: justify;\">A guarda compartilhada tem sido cada vez mais utilizada nos \u00faltimos anos. Nessa modalidade, os pais compartilham as responsabilidades, dividindo igualmente o tempo e as obriga\u00e7\u00f5es relacionadas \u00e0 educa\u00e7\u00e3o e ao cuidado das crian\u00e7as.<\/p>\n<p style=\"text-align: justify;\">A guarda compartilhada \u00e9 uma escolha que pode ser f\u00e9rtil e produtiva tanto para os pais quanto para as crian\u00e7as. Para os pais, ela pode ser uma forma de diminuir o estresse e as despesas associadas \u00e0 cria\u00e7\u00e3o dos filhos, al\u00e9m de permitir que os dois mantenham um relacionamento pr\u00f3ximo com as crian\u00e7as.<\/p>\n<p style=\"text-align: justify;\">Para as crian\u00e7as, a guarda compartilhada pode oferecer a oportunidade de ter um relacionamento interessante e positivo com os pais, o que pode ser muito importante para o seu desenvolvimento emocional e social.<\/p>\n<p style=\"text-align: justify;\">\u00a0A guarda compartilhada tamb\u00e9m pode ser desafiadora. \u00c9 importante que os pais sejam capazes de se comunicar e cooperar verdadeiramente um com o outro, para garantir que as necessidades das crian\u00e7as sejam atendidas de forma apropriada. \u00c9 necess\u00e1rio que os pais fa\u00e7am alguns acordos em suas rotinas e hor\u00e1rios para conciliar a guarda.<\/p>\n<p style=\"text-align: justify;\">Para que a guarda compartilhada seja definida, \u00e9 necess\u00e1rio que os pais estejam dispostos a trabalhar juntos para criar um plano que seja ben\u00e9fico para todos os envolvidos. Esse plano deve levar em considera\u00e7\u00e3o as necessidades das crian\u00e7as. Sempre.<\/p>\n<p style=\"text-align: justify;\">\u00a0\u00a0 \u00c9 importante tamb\u00e9m que o plano seja flex\u00edvel e possa ser ajustado de acordo com as necessidades das crian\u00e7as e dos pais ao longo do tempo.<\/p>\n<p style=\"text-align: justify;\">Caso os pais n\u00e3o consigam chegar a um acordo sobre a guarda compartilhada, \u00e9 necess\u00e1rio recorrer \u00e0 ajuda de um mediador. Em alguns casos, pode ser necess\u00e1rio estabelecer hor\u00e1rios para garantir que as crian\u00e7as tenham um tempo igual com cada um dos pais.<\/p>\n<p style=\"text-align: justify;\">\u00a0A guarda compartilhada \u00e9 uma op\u00e7\u00e3o que favorece tanto os pais como as crian\u00e7as. Ela requer uma comunica\u00e7\u00e3o efetiva e uma disposi\u00e7\u00e3o dos pais para trabalhar juntos para criar um plano que seja ben\u00e9fico para todos.<\/p>\n<p style=\"text-align: justify;\">\u00a0Quando executada de forma adequada, a guarda compartilhada pode ajudar assegurar que as necessidades emocionais e sociais das crian\u00e7as sejam atendidas e pode promover um relacionamento positivo entre os pais.<\/p>\n<p><img loading=\"lazy\" decoding=\"async\" class=\"alignnone size-full wp-image-74528\" src=\"https:\/\/jorgezanoni.com.br\/2019\/wp-content\/uploads\/2023\/03\/Cidinha-Pascoaloto-2.jpg\" alt=\"\" width=\"500\" height=\"755\" srcset=\"https:\/\/jorgezanoni.com.br\/2019\/wp-content\/uploads\/2023\/03\/Cidinha-Pascoaloto-2.jpg 500w, https:\/\/jorgezanoni.com.br\/2019\/wp-content\/uploads\/2023\/03\/Cidinha-Pascoaloto-2-199x300.jpg 199w, https:\/\/jorgezanoni.com.br\/2019\/wp-content\/uploads\/2023\/03\/Cidinha-Pascoaloto-2-278x420.jpg 278w\" sizes=\"auto, (max-width: 500px) 100vw, 500px\" \/><\/p>\n<p style=\"text-align: justify;\">Cidinha Pascoaloto-Psic\u00f3loga-CRP 06\/158174. Presencial e online, contato: (18) 99725-6418<\/p>\n<p>&nbsp;<\/p>\n","protected":false},"excerpt":{"rendered":"<p>A guarda compartilhada tem sido cada vez mais utilizada nos \u00faltimos anos. Nessa modalidade, os pais compartilham as responsabilidades, dividindo igualmente o tempo e as obriga\u00e7\u00f5es relacionadas \u00e0 educa\u00e7\u00e3o e ao cuidado das crian\u00e7as. A guarda compartilhada \u00e9 uma escolha que pode ser f\u00e9rtil e produtiva tanto para os pais quanto para as crian\u00e7as. Para [&hellip;]<\/p>\n","protected":false},"author":1,"featured_media":74529,"comment_status":"closed","ping_status":"open","sticky":false,"template":"","format":"standard","meta":{"footnotes":""},"categories":[175],"tags":[],"class_list":["post-74527","post","type-post","status-publish","format-standard","has-post-thumbnail","hentry","category-artigos"],"_links":{"self":[{"href":"https:\/\/jorgezanoni.com.br\/2019\/wp-json\/wp\/v2\/posts\/74527","targetHints":{"allow":["GET"]}}],"collection":[{"href":"https:\/\/jorgezanoni.com.br\/2019\/wp-json\/wp\/v2\/posts"}],"about":[{"href":"https:\/\/jorgezanoni.com.br\/2019\/wp-json\/wp\/v2\/types\/post"}],"author":[{"embeddable":true,"href":"https:\/\/jorgezanoni.com.br\/2019\/wp-json\/wp\/v2\/users\/1"}],"replies":[{"embeddable":true,"href":"https:\/\/jorgezanoni.com.br\/2019\/wp-json\/wp\/v2\/comments?post=74527"}],"version-history":[{"count":1,"href":"https:\/\/jorgezanoni.com.br\/2019\/wp-json\/wp\/v2\/posts\/74527\/revisions"}],"predecessor-version":[{"id":74530,"href":"https:\/\/jorgezanoni.com.br\/2019\/wp-json\/wp\/v2\/posts\/74527\/revisions\/74530"}],"wp:featuredmedia":[{"embeddable":true,"href":"https:\/\/jorgezanoni.com.br\/2019\/wp-json\/wp\/v2\/media\/74529"}],"wp:attachment":[{"href":"https:\/\/jorgezanoni.com.br\/2019\/wp-json\/wp\/v2\/media?parent=74527"}],"wp:term":[{"taxonomy":"category","embeddable":true,"href":"https:\/\/jorgezanoni.com.br\/2019\/wp-json\/wp\/v2\/categories?post=74527"},{"taxonomy":"post_tag","embeddable":true,"href":"https:\/\/jorgezanoni.com.br\/2019\/wp-json\/wp\/v2\/tags?post=74527"}],"curies":[{"name":"wp","href":"https:\/\/api.w.org\/{rel}","templated":true}]}}