{"id":74520,"date":"2023-03-30T15:57:47","date_gmt":"2023-03-30T15:57:47","guid":{"rendered":"https:\/\/jorgezanoni.com.br\/2019\/?p=74520"},"modified":"2023-03-30T15:57:47","modified_gmt":"2023-03-30T15:57:47","slug":"morre-o-advogado-dr-sebastiao-carvalho-antigo-morador-de-dracena","status":"publish","type":"post","link":"https:\/\/jorgezanoni.com.br\/2019\/morre-o-advogado-dr-sebastiao-carvalho-antigo-morador-de-dracena\/","title":{"rendered":"Morre o advogado Dr. Sebasti\u00e3o Carvalho antigo morador de Dracena"},"content":{"rendered":"<p style=\"text-align: justify;\">Comunicamos com pesar o falecimento do Dr. Sebasti\u00e3o Gomes de Carvalho Neto de 82 anos. Segundo informa\u00e7\u00f5es faleceu em sua resid\u00eancia na Rua 15 de Novembro.<\/p>\n<p style=\"text-align: justify;\">Era vi\u00favo da Professora Nilce Terezinha Arinos de Carvalho que d\u00e1 o nome a Biblioteca Municipal de Dracena.<\/p>\n<p>Foi presidente da OAB de Dracena.<\/p>\n<p style=\"text-align: justify;\">Deixa os filhos M\u00e1rcio, Marco e Tieni, noras, genros, netos, demais familiares e amigos.<\/p>\n<p>O Site JZ e TOP TV, se solidarizam com amigos e familiares neste dif\u00edcil momento.<\/p>\n<p style=\"text-align: justify;\">(aguarde informa\u00e7\u00f5es sobre Vel\u00f3rio e Sepultamento)<\/p>\n<p>Jorge Zanoni<\/p>\n","protected":false},"excerpt":{"rendered":"<p>Comunicamos com pesar o falecimento do Dr. Sebasti\u00e3o Gomes de Carvalho Neto de 82 anos. Segundo informa\u00e7\u00f5es faleceu em sua resid\u00eancia na Rua 15 de Novembro. Era vi\u00favo da Professora Nilce Terezinha Arinos de Carvalho que d\u00e1 o nome a Biblioteca Municipal de Dracena. Foi presidente da OAB de Dracena. Deixa os filhos M\u00e1rcio, Marco [&hellip;]<\/p>\n","protected":false},"author":1,"featured_media":74521,"comment_status":"closed","ping_status":"open","sticky":false,"template":"","format":"standard","meta":{"footnotes":""},"categories":[178,110],"tags":[],"class_list":["post-74520","post","type-post","status-publish","format-standard","has-post-thumbnail","hentry","category-notadefalecimento","category-noticiasdestaque"],"_links":{"self":[{"href":"https:\/\/jorgezanoni.com.br\/2019\/wp-json\/wp\/v2\/posts\/74520","targetHints":{"allow":["GET"]}}],"collection":[{"href":"https:\/\/jorgezanoni.com.br\/2019\/wp-json\/wp\/v2\/posts"}],"about":[{"href":"https:\/\/jorgezanoni.com.br\/2019\/wp-json\/wp\/v2\/types\/post"}],"author":[{"embeddable":true,"href":"https:\/\/jorgezanoni.com.br\/2019\/wp-json\/wp\/v2\/users\/1"}],"replies":[{"embeddable":true,"href":"https:\/\/jorgezanoni.com.br\/2019\/wp-json\/wp\/v2\/comments?post=74520"}],"version-history":[{"count":1,"href":"https:\/\/jorgezanoni.com.br\/2019\/wp-json\/wp\/v2\/posts\/74520\/revisions"}],"predecessor-version":[{"id":74522,"href":"https:\/\/jorgezanoni.com.br\/2019\/wp-json\/wp\/v2\/posts\/74520\/revisions\/74522"}],"wp:featuredmedia":[{"embeddable":true,"href":"https:\/\/jorgezanoni.com.br\/2019\/wp-json\/wp\/v2\/media\/74521"}],"wp:attachment":[{"href":"https:\/\/jorgezanoni.com.br\/2019\/wp-json\/wp\/v2\/media?parent=74520"}],"wp:term":[{"taxonomy":"category","embeddable":true,"href":"https:\/\/jorgezanoni.com.br\/2019\/wp-json\/wp\/v2\/categories?post=74520"},{"taxonomy":"post_tag","embeddable":true,"href":"https:\/\/jorgezanoni.com.br\/2019\/wp-json\/wp\/v2\/tags?post=74520"}],"curies":[{"name":"wp","href":"https:\/\/api.w.org\/{rel}","templated":true}]}}