{"id":74492,"date":"2023-03-29T15:49:07","date_gmt":"2023-03-29T15:49:07","guid":{"rendered":"https:\/\/jorgezanoni.com.br\/2019\/?p=74492"},"modified":"2023-03-29T15:49:07","modified_gmt":"2023-03-29T15:49:07","slug":"procura-nas-faculdades-por-curso-de-psicologia-cresce-no-brasil","status":"publish","type":"post","link":"https:\/\/jorgezanoni.com.br\/2019\/procura-nas-faculdades-por-curso-de-psicologia-cresce-no-brasil\/","title":{"rendered":"Procura nas faculdades por curso de Psicologia cresce no Brasil"},"content":{"rendered":"<p dir=\"ltr\" style=\"text-align: justify;\">Em recente pesquisa apontada pela Folha de S\u00e3o Paulo (mar\u00e7o de 2023), o curso de Psicologia tem tido um aumento grandioso em sua procura. A pesquisa observou que, de 2010 para 2021, o n\u00famero de matr\u00edculas para Psicologia cresceu mais que o dobro no Brasil, indo de 136,4 mil para 289,8 mil, somando um crescimento de 112,4%. No mesmo per\u00edodo, os demais cursos superiores oferecidos no Pa\u00eds cresceram 41% (somados presenciais e EaD).<\/p>\n<p dir=\"ltr\" style=\"text-align: justify;\">Atualmente tudo o que diz respeito \u00e0 sa\u00fade mental, e principalmente ao bem-estar emocional, tem gerado um grande efeito na popula\u00e7\u00e3o brasileira, que nos \u00faltimos anos tem reconhecido e ressignificado o papel do psic\u00f3logo na sociedade. Este \u00e9 um dos motivos que fez com que a procura pelas faculdades de Psicologia crescesse tanto nos \u00faltimos anos e atingisse a marca de segundo curso mais procurado, segundo a Folha de S\u00e3o Paulo.<\/p>\n<p dir=\"ltr\" style=\"text-align: justify;\">A profiss\u00e3o \u00e9 relativamente nova se comparada a outras que j\u00e1 est\u00e3o h\u00e1 mais de cem anos fundamentadas no pa\u00eds, por\u00e9m \u00e9 uma profiss\u00e3o que foi acompanhando o desenvolvimento e as necessidades da sociedade em manter uma vida socioemocional saud\u00e1vel com toda carga que \u00e9 exposta no dia a dia. Dessa forma, foi poss\u00edvel garantir espa\u00e7o de atua\u00e7\u00e3o n\u00e3o s\u00f3 em cl\u00ednicas, mas tamb\u00e9m em escolas, no esporte, na \u00e1rea jur\u00eddica, em empresas, no atendimento em rela\u00e7\u00e3o \u00e0 viol\u00eancia contra a mulher e em todo lugar que se preze pela compreens\u00e3o do ser humano.<\/p>\n<p dir=\"ltr\" style=\"text-align: justify;\">Hoje s\u00e3o mais de 436 mil psic\u00f3logos registrados no Conselho Federal de Psicologia, e o n\u00famero tende a crescer com a forma\u00e7\u00e3o anual de grandes turmas do curso de Psicologia.<\/p>\n<p dir=\"ltr\" style=\"text-align: justify;\">Na Unifadra, segundo a Prof\u00aa Ma. Andr\u00e9a Frizo, nota-se esse crescimento na procura pelo curso e que o mundo do trabalho est\u00e1 em busca de profissionais para as mais diferentes \u00e1reas, aumentando as oportunidades para os psic\u00f3logos rec\u00e9m-formados. &#8220;Sabe-se que estamos passando por um momento de grandes demandas relacionadas \u00e0 sa\u00fade mental da popula\u00e7\u00e3o, advindas n\u00e3o apenas da pandemia, mas de um s\u00e9culo marcado pelo grande avan\u00e7o da tecnologia, aumento das demandas relacionadas ao trabalho, ansiedade, entre outras quest\u00f5es. Assim, o psic\u00f3logo torna-se um profissional essencial nos cuidados com o ser humano do s\u00e9culo XXI.&#8221;<\/p>\n<p dir=\"ltr\" style=\"text-align: justify;\">O curso de Psicologia da Unifadra tem dura\u00e7\u00e3o de 5 anos, corpo docente especializado, ofertando por meio de metodologias inovadoras conte\u00fados te\u00f3ricos e pr\u00e1ticos, sobre a\u00a0 ci\u00eancia e a profiss\u00e3o. Tem tamb\u00e9m \u00e0 disposi\u00e7\u00e3o do estudante uma Cl\u00ednica Psicol\u00f3gica e parceria com institui\u00e7\u00f5es p\u00fablicas e privadas do munic\u00edpio para oferecer est\u00e1gios que auxiliam o estudante na aprendizagem de m\u00e9todos e t\u00e9cnicas em Psicologia, para atender as diferentes demandas da sociedade na atualidade.<\/p>\n<p dir=\"ltr\" style=\"text-align: justify;\">Por isso, se voc\u00ea sonha em ser psic\u00f3logo, este \u00e9 o momento para buscar o curso de Psicologia. A Unifadra est\u00e1 \u00e0 disposi\u00e7\u00e3o para apresentar sua estrutura f\u00edsica e a forma\u00e7\u00e3o em Psicologia.<\/p>\n<p dir=\"ltr\" style=\"text-align: justify;\">Fonte: Depto. de Comunica\u00e7\u00e3o da Fundec<\/p>\n","protected":false},"excerpt":{"rendered":"<p>Em recente pesquisa apontada pela Folha de S\u00e3o Paulo (mar\u00e7o de 2023), o curso de Psicologia tem tido um aumento grandioso em sua procura. A pesquisa observou que, de 2010 para 2021, o n\u00famero de matr\u00edculas para Psicologia cresceu mais que o dobro no Brasil, indo de 136,4 mil para 289,8 mil, somando um crescimento [&hellip;]<\/p>\n","protected":false},"author":1,"featured_media":74493,"comment_status":"closed","ping_status":"open","sticky":false,"template":"","format":"standard","meta":{"footnotes":""},"categories":[110,122],"tags":[],"class_list":["post-74492","post","type-post","status-publish","format-standard","has-post-thumbnail","hentry","category-noticiasdestaque","category-saudeeducacaoeconcurso"],"_links":{"self":[{"href":"https:\/\/jorgezanoni.com.br\/2019\/wp-json\/wp\/v2\/posts\/74492","targetHints":{"allow":["GET"]}}],"collection":[{"href":"https:\/\/jorgezanoni.com.br\/2019\/wp-json\/wp\/v2\/posts"}],"about":[{"href":"https:\/\/jorgezanoni.com.br\/2019\/wp-json\/wp\/v2\/types\/post"}],"author":[{"embeddable":true,"href":"https:\/\/jorgezanoni.com.br\/2019\/wp-json\/wp\/v2\/users\/1"}],"replies":[{"embeddable":true,"href":"https:\/\/jorgezanoni.com.br\/2019\/wp-json\/wp\/v2\/comments?post=74492"}],"version-history":[{"count":1,"href":"https:\/\/jorgezanoni.com.br\/2019\/wp-json\/wp\/v2\/posts\/74492\/revisions"}],"predecessor-version":[{"id":74494,"href":"https:\/\/jorgezanoni.com.br\/2019\/wp-json\/wp\/v2\/posts\/74492\/revisions\/74494"}],"wp:featuredmedia":[{"embeddable":true,"href":"https:\/\/jorgezanoni.com.br\/2019\/wp-json\/wp\/v2\/media\/74493"}],"wp:attachment":[{"href":"https:\/\/jorgezanoni.com.br\/2019\/wp-json\/wp\/v2\/media?parent=74492"}],"wp:term":[{"taxonomy":"category","embeddable":true,"href":"https:\/\/jorgezanoni.com.br\/2019\/wp-json\/wp\/v2\/categories?post=74492"},{"taxonomy":"post_tag","embeddable":true,"href":"https:\/\/jorgezanoni.com.br\/2019\/wp-json\/wp\/v2\/tags?post=74492"}],"curies":[{"name":"wp","href":"https:\/\/api.w.org\/{rel}","templated":true}]}}