{"id":74489,"date":"2023-03-29T15:42:52","date_gmt":"2023-03-29T15:42:52","guid":{"rendered":"https:\/\/jorgezanoni.com.br\/2019\/?p=74489"},"modified":"2023-03-29T15:42:52","modified_gmt":"2023-03-29T15:42:52","slug":"egressas-de-medicina-da-unifadra-publicam-trabalho-sobre-fadiga-pos-covid-19-em-revista-cientifica","status":"publish","type":"post","link":"https:\/\/jorgezanoni.com.br\/2019\/egressas-de-medicina-da-unifadra-publicam-trabalho-sobre-fadiga-pos-covid-19-em-revista-cientifica\/","title":{"rendered":"Egressas de Medicina da Unifadra publicam trabalho sobre fadiga p\u00f3s-COVID-19 em revista cient\u00edfica"},"content":{"rendered":"<p dir=\"ltr\">As m\u00e9dicas Ayuri Pinotti Nakamatsu, \u00c9rica Oliveira Alves e Giovanna Galv\u00e3o Pocay Fr\u00e9, alunas egressas da Unifadra, publicaram o artigo intitulado &#8220;P\u00f3s-Covid-19: sintomas persistentes e sua rela\u00e7\u00e3o com o n\u00edvel de fadiga&#8221;, na revista Research, Society and Development.<\/p>\n<p dir=\"ltr\">Orientado pela Profa. Dra. Iara Buriola Trevisan, com a coorienta\u00e7\u00e3o da Profa. Ma. Luciana Sanae Ota, o estudo foi motivado pela constata\u00e7\u00e3o de que a fadiga na s\u00edndrome p\u00f3s-COVID-19, al\u00e9m de se mostrar muito prevalente, tamb\u00e9m \u00e9 um importante fator debilitante na sa\u00fade da popula\u00e7\u00e3o.<\/p>\n<p dir=\"ltr\">O artigo pode ser conferido no link (vol. 12, n\u00ba 2, 2023):<\/p>\n<p dir=\"ltr\"><a href=\"https:\/\/rsdjournal.org\/index.php\/rsd\/article\/view\/40235\" target=\"_blank\" rel=\"noopener noreferrer\">https:\/\/rsdjournal.org\/index.php\/rsd\/article\/view\/40235<\/a><\/p>\n<p dir=\"ltr\">A dire\u00e7\u00e3o acad\u00eamica e a coordena\u00e7\u00e3o da Unifadra parabenizam as ex-alunas e as professoras pelo desenvolvimento do trabalho e a publica\u00e7\u00e3o do artigo, e ressaltam a import\u00e2ncia do compartilhamento das informa\u00e7\u00f5es e dos resultados obtidos em peri\u00f3dicos especializados.<\/p>\n<p dir=\"ltr\">Research, Society and Development<\/p>\n<p dir=\"ltr\">A publica\u00e7\u00e3o \u00e9 uma revista cient\u00edfica mensal e multidisciplinar focada em promover o desenvolvimento social, cient\u00edfico e tecnol\u00f3gico, que apresenta os resultados ocorridos em diferentes \u00e1reas do conhecimento. Segundo a classifica\u00e7\u00e3o da CAPES, Qualis Peri\u00f3dicos no quadri\u00eanio 2017-2020, a revista est\u00e1 classificada como C na \u00e1rea de Medicina.<\/p>\n<p dir=\"ltr\">O objetivo do estudo foi avaliar os sintomas mais prevalentes que persistiram ap\u00f3s o per\u00edodo agudo da COVID-19, relacionando a presen\u00e7a dos sintomas com o n\u00edvel de fadiga, a fim de compreender os tipos de sintomas p\u00f3s-COVID-19, sua dura\u00e7\u00e3o e rela\u00e7\u00e3o com o n\u00edvel de fadiga.<\/p>\n<p dir=\"ltr\">Participaram da pesquisa 193 volunt\u00e1rios com hist\u00f3rico de infec\u00e7\u00e3o por COVID-19, que responderam um question\u00e1rio sobre os sintomas que persistiram ap\u00f3s o per\u00edodo agudo da doen\u00e7a.<\/p>\n<p dir=\"ltr\">&#8220;Acreditamos que o estudo colabora com a percep\u00e7\u00e3o dos profissionais da sa\u00fade quanto aos sintomas e sua persist\u00eancia ap\u00f3s o per\u00edodo agudo da COVID-19, adequando a abordagem das principais necessidades de atendimento ao paciente al\u00e9m da fase aguda&#8221;, explicou Luciana Sanae Ota.<\/p>\n<p dir=\"ltr\">Fonte: Depto. de Comunica\u00e7\u00e3o da Fundec<\/p>\n<p dir=\"ltr\">Foto:\u00a0Giovanna Galv\u00e3o Pocay Fr\u00e9, \u00c9rica Oliveira Alves e Ayuri Pinotti Nakamatsu.<\/p>\n","protected":false},"excerpt":{"rendered":"<p>As m\u00e9dicas Ayuri Pinotti Nakamatsu, \u00c9rica Oliveira Alves e Giovanna Galv\u00e3o Pocay Fr\u00e9, alunas egressas da Unifadra, publicaram o artigo intitulado &#8220;P\u00f3s-Covid-19: sintomas persistentes e sua rela\u00e7\u00e3o com o n\u00edvel de fadiga&#8221;, na revista Research, Society and Development. Orientado pela Profa. Dra. Iara Buriola Trevisan, com a coorienta\u00e7\u00e3o da Profa. Ma. Luciana Sanae Ota, o [&hellip;]<\/p>\n","protected":false},"author":1,"featured_media":74490,"comment_status":"closed","ping_status":"open","sticky":false,"template":"","format":"standard","meta":{"footnotes":""},"categories":[110,122],"tags":[],"class_list":["post-74489","post","type-post","status-publish","format-standard","has-post-thumbnail","hentry","category-noticiasdestaque","category-saudeeducacaoeconcurso"],"_links":{"self":[{"href":"https:\/\/jorgezanoni.com.br\/2019\/wp-json\/wp\/v2\/posts\/74489","targetHints":{"allow":["GET"]}}],"collection":[{"href":"https:\/\/jorgezanoni.com.br\/2019\/wp-json\/wp\/v2\/posts"}],"about":[{"href":"https:\/\/jorgezanoni.com.br\/2019\/wp-json\/wp\/v2\/types\/post"}],"author":[{"embeddable":true,"href":"https:\/\/jorgezanoni.com.br\/2019\/wp-json\/wp\/v2\/users\/1"}],"replies":[{"embeddable":true,"href":"https:\/\/jorgezanoni.com.br\/2019\/wp-json\/wp\/v2\/comments?post=74489"}],"version-history":[{"count":1,"href":"https:\/\/jorgezanoni.com.br\/2019\/wp-json\/wp\/v2\/posts\/74489\/revisions"}],"predecessor-version":[{"id":74491,"href":"https:\/\/jorgezanoni.com.br\/2019\/wp-json\/wp\/v2\/posts\/74489\/revisions\/74491"}],"wp:featuredmedia":[{"embeddable":true,"href":"https:\/\/jorgezanoni.com.br\/2019\/wp-json\/wp\/v2\/media\/74490"}],"wp:attachment":[{"href":"https:\/\/jorgezanoni.com.br\/2019\/wp-json\/wp\/v2\/media?parent=74489"}],"wp:term":[{"taxonomy":"category","embeddable":true,"href":"https:\/\/jorgezanoni.com.br\/2019\/wp-json\/wp\/v2\/categories?post=74489"},{"taxonomy":"post_tag","embeddable":true,"href":"https:\/\/jorgezanoni.com.br\/2019\/wp-json\/wp\/v2\/tags?post=74489"}],"curies":[{"name":"wp","href":"https:\/\/api.w.org\/{rel}","templated":true}]}}