{"id":7448,"date":"2019-09-27T12:52:13","date_gmt":"2019-09-27T12:52:13","guid":{"rendered":"https:\/\/jorgezanoni.com.br\/2019\/?p=7448"},"modified":"2019-09-27T12:52:13","modified_gmt":"2019-09-27T12:52:13","slug":"medico-e-cientista-de-ourinhos-ganha-destaque-mundial-pelo-resultado-expressivo-no-combate-as-doencas-degenerativas","status":"publish","type":"post","link":"https:\/\/jorgezanoni.com.br\/2019\/medico-e-cientista-de-ourinhos-ganha-destaque-mundial-pelo-resultado-expressivo-no-combate-as-doencas-degenerativas\/","title":{"rendered":"M\u00e9dico e cientista de Ourinhos ganha destaque mundial pelo resultado expressivo no combate \u00e0s doen\u00e7as degenerativas"},"content":{"rendered":"<p style=\"text-align: justify;\">O Dr. M\u00e1rcio Abreu, ourinhense, m\u00e9dico e cientista, que atualmente reside no Estados Unidos, comanda uma equipe de m\u00e9dicos do BTT Medical Institute, que fica na cidade de Westport, em Connecticut, nos Estados Unidos. Este instituto \u00e9 especializado em ajudar as pessoas a proteger, preservar e prolongar a vida, por meio de Indu\u00e7\u00e3o de prote\u00ednas de choque t\u00e9rmico para tratamento e preven\u00e7\u00e3o de doen\u00e7as degeneravas como a Esclerose Lateral Amiotr\u00f3fica (ELA), doen\u00e7as de Alzheimer e o Mal de Parkinson.<\/p>\n<p><img loading=\"lazy\" decoding=\"async\" class=\"alignnone size-full wp-image-7449\" src=\"https:\/\/jorgezanoni.com.br\/2019\/wp-content\/uploads\/2019\/09\/outinhos1.jpg\" alt=\"\" width=\"1111\" height=\"549\" srcset=\"https:\/\/jorgezanoni.com.br\/2019\/wp-content\/uploads\/2019\/09\/outinhos1.jpg 1111w, https:\/\/jorgezanoni.com.br\/2019\/wp-content\/uploads\/2019\/09\/outinhos1-300x148.jpg 300w, https:\/\/jorgezanoni.com.br\/2019\/wp-content\/uploads\/2019\/09\/outinhos1-768x380.jpg 768w, https:\/\/jorgezanoni.com.br\/2019\/wp-content\/uploads\/2019\/09\/outinhos1-1024x506.jpg 1024w, https:\/\/jorgezanoni.com.br\/2019\/wp-content\/uploads\/2019\/09\/outinhos1-324x160.jpg 324w, https:\/\/jorgezanoni.com.br\/2019\/wp-content\/uploads\/2019\/09\/outinhos1-696x344.jpg 696w, https:\/\/jorgezanoni.com.br\/2019\/wp-content\/uploads\/2019\/09\/outinhos1-1068x528.jpg 1068w, https:\/\/jorgezanoni.com.br\/2019\/wp-content\/uploads\/2019\/09\/outinhos1-850x420.jpg 850w\" sizes=\"auto, (max-width: 1111px) 100vw, 1111px\" \/><\/p>\n<p style=\"text-align: justify;\"><strong>Mat\u00e9ria exibida pela Rede TV News no Dia Mundial da Doen\u00e7a de Alzheimer<\/strong><\/p>\n<p style=\"text-align: justify;\">M\u00e1rcio e sua equipe conseguiram feitos in\u00e9ditos nessa \u00e1rea e que ganharam repercuss\u00e3o internacional, no Dia Mundial da Doen\u00e7a de Alzheimer, pois o tratamento promete n\u00e3o s\u00f3 impedir o avan\u00e7o dessas doen\u00e7as, como tamb\u00e9m recuperar as fun\u00e7\u00f5es perdidas.<\/p>\n<p><img loading=\"lazy\" decoding=\"async\" class=\"alignnone size-full wp-image-7450\" src=\"https:\/\/jorgezanoni.com.br\/2019\/wp-content\/uploads\/2019\/09\/Ourinhos.jpg\" alt=\"\" width=\"1111\" height=\"549\" srcset=\"https:\/\/jorgezanoni.com.br\/2019\/wp-content\/uploads\/2019\/09\/Ourinhos.jpg 1111w, https:\/\/jorgezanoni.com.br\/2019\/wp-content\/uploads\/2019\/09\/Ourinhos-300x148.jpg 300w, https:\/\/jorgezanoni.com.br\/2019\/wp-content\/uploads\/2019\/09\/Ourinhos-768x380.jpg 768w, https:\/\/jorgezanoni.com.br\/2019\/wp-content\/uploads\/2019\/09\/Ourinhos-1024x506.jpg 1024w, https:\/\/jorgezanoni.com.br\/2019\/wp-content\/uploads\/2019\/09\/Ourinhos-324x160.jpg 324w, https:\/\/jorgezanoni.com.br\/2019\/wp-content\/uploads\/2019\/09\/Ourinhos-696x344.jpg 696w, https:\/\/jorgezanoni.com.br\/2019\/wp-content\/uploads\/2019\/09\/Ourinhos-1068x528.jpg 1068w, https:\/\/jorgezanoni.com.br\/2019\/wp-content\/uploads\/2019\/09\/Ourinhos-850x420.jpg 850w\" sizes=\"auto, (max-width: 1111px) 100vw, 1111px\" \/><\/p>\n<p><strong>Dr. M\u00e1rcio Abreu, m\u00e9dico e cientista ourinhense<\/strong><\/p>\n<p style=\"text-align: justify;\">Esse \u00e9 um avan\u00e7o enorme na medicina e uma esperan\u00e7a de que a Indu\u00e7\u00f5es de Prote\u00ednas de Choque T\u00e9rmico, possa resolver de vez os problemas de envelhecimento com doen\u00e7as degenerativas graves e que, hoje em dia, diminuem muito o tempo de vida dos pacientes e ainda dificultam a sua mobilidade e racioc\u00ednio.<\/p>\n<p><img loading=\"lazy\" decoding=\"async\" class=\"alignnone size-full wp-image-7451\" src=\"https:\/\/jorgezanoni.com.br\/2019\/wp-content\/uploads\/2019\/09\/ourinhos2.jpg\" alt=\"\" width=\"1111\" height=\"549\" srcset=\"https:\/\/jorgezanoni.com.br\/2019\/wp-content\/uploads\/2019\/09\/ourinhos2.jpg 1111w, https:\/\/jorgezanoni.com.br\/2019\/wp-content\/uploads\/2019\/09\/ourinhos2-300x148.jpg 300w, https:\/\/jorgezanoni.com.br\/2019\/wp-content\/uploads\/2019\/09\/ourinhos2-768x380.jpg 768w, https:\/\/jorgezanoni.com.br\/2019\/wp-content\/uploads\/2019\/09\/ourinhos2-1024x506.jpg 1024w, https:\/\/jorgezanoni.com.br\/2019\/wp-content\/uploads\/2019\/09\/ourinhos2-324x160.jpg 324w, https:\/\/jorgezanoni.com.br\/2019\/wp-content\/uploads\/2019\/09\/ourinhos2-696x344.jpg 696w, https:\/\/jorgezanoni.com.br\/2019\/wp-content\/uploads\/2019\/09\/ourinhos2-1068x528.jpg 1068w, https:\/\/jorgezanoni.com.br\/2019\/wp-content\/uploads\/2019\/09\/ourinhos2-850x420.jpg 850w\" sizes=\"auto, (max-width: 1111px) 100vw, 1111px\" \/><\/p>\n<p style=\"text-align: justify;\"><strong>Dr. M\u00e1rcio e sua equipe em plena cirurgia<\/strong><\/p>\n<p style=\"text-align: justify;\">Este tratamento \u00e9 inovador e tem apresentado \u00f3timos resultados nos pacientes que s\u00e3o operados sem anestesia, sem dor, sem cortes e a mente do paciente \u00e9 que indica as regras. A Indu\u00e7\u00e3o de Prote\u00ednas de Choque T\u00e9rmico \u00e9 uma verdadeira opera\u00e7\u00e3o do futuro, como ele o c\u00e9rebro \u00e9 monitorado por uma esp\u00e9cie de capacete com antenas, que captam o sinal cerebral e fazem a entrega de calor. O paciente chega a ser exposto a uma temperatura de mais de 100 graus e para garantir a seguran\u00e7a e o controle total das fun\u00e7\u00f5es vitais, v\u00e1rios sensores s\u00e3o espalhados pelo corpo.<\/p>\n<p><img loading=\"lazy\" decoding=\"async\" class=\"alignnone size-full wp-image-7452\" src=\"https:\/\/jorgezanoni.com.br\/2019\/wp-content\/uploads\/2019\/09\/ourinhos3.jpg\" alt=\"\" width=\"1111\" height=\"549\" srcset=\"https:\/\/jorgezanoni.com.br\/2019\/wp-content\/uploads\/2019\/09\/ourinhos3.jpg 1111w, https:\/\/jorgezanoni.com.br\/2019\/wp-content\/uploads\/2019\/09\/ourinhos3-300x148.jpg 300w, https:\/\/jorgezanoni.com.br\/2019\/wp-content\/uploads\/2019\/09\/ourinhos3-768x380.jpg 768w, https:\/\/jorgezanoni.com.br\/2019\/wp-content\/uploads\/2019\/09\/ourinhos3-1024x506.jpg 1024w, https:\/\/jorgezanoni.com.br\/2019\/wp-content\/uploads\/2019\/09\/ourinhos3-324x160.jpg 324w, https:\/\/jorgezanoni.com.br\/2019\/wp-content\/uploads\/2019\/09\/ourinhos3-696x344.jpg 696w, https:\/\/jorgezanoni.com.br\/2019\/wp-content\/uploads\/2019\/09\/ourinhos3-1068x528.jpg 1068w, https:\/\/jorgezanoni.com.br\/2019\/wp-content\/uploads\/2019\/09\/ourinhos3-850x420.jpg 850w\" sizes=\"auto, (max-width: 1111px) 100vw, 1111px\" \/><\/p>\n<p style=\"text-align: justify;\"><strong>O monitoramento do c\u00e9rebro \u00e9 feito atrav\u00e9s do capacete introduzido na cabe\u00e7a do paciente<\/strong><\/p>\n<p style=\"text-align: justify;\">Segundo o Dr. M\u00e1rcio Abreu a Prote\u00edna de Choque T\u00e9rmico \u00e9 a mol\u00e9cula mais importante para a vida, n\u00e3o s\u00f3 do ser humano, pois ela \u00e9 a \u00fanica presente em todos os seres vivos. Essas prote\u00ednas infelizmente come\u00e7am a diminuir ou mesmo come\u00e7am a perder a fun\u00e7\u00e3o com o envelhecimento e que n\u00f3s conseguimos foi repor essas prote\u00ednas nos pacientes, conseguindo assim tratar essas doen\u00e7as degenerativas, que anteriormente n\u00e3o eram trat\u00e1veis.<\/p>\n<p><img loading=\"lazy\" decoding=\"async\" class=\"alignnone size-full wp-image-7454\" src=\"https:\/\/jorgezanoni.com.br\/2019\/wp-content\/uploads\/2019\/09\/ourinhos4.jpg\" alt=\"\" width=\"1111\" height=\"549\" srcset=\"https:\/\/jorgezanoni.com.br\/2019\/wp-content\/uploads\/2019\/09\/ourinhos4.jpg 1111w, https:\/\/jorgezanoni.com.br\/2019\/wp-content\/uploads\/2019\/09\/ourinhos4-300x148.jpg 300w, https:\/\/jorgezanoni.com.br\/2019\/wp-content\/uploads\/2019\/09\/ourinhos4-768x380.jpg 768w, https:\/\/jorgezanoni.com.br\/2019\/wp-content\/uploads\/2019\/09\/ourinhos4-1024x506.jpg 1024w, https:\/\/jorgezanoni.com.br\/2019\/wp-content\/uploads\/2019\/09\/ourinhos4-324x160.jpg 324w, https:\/\/jorgezanoni.com.br\/2019\/wp-content\/uploads\/2019\/09\/ourinhos4-696x344.jpg 696w, https:\/\/jorgezanoni.com.br\/2019\/wp-content\/uploads\/2019\/09\/ourinhos4-1068x528.jpg 1068w, https:\/\/jorgezanoni.com.br\/2019\/wp-content\/uploads\/2019\/09\/ourinhos4-850x420.jpg 850w\" sizes=\"auto, (max-width: 1111px) 100vw, 1111px\" \/><\/p>\n<p style=\"text-align: justify;\"><strong>Esta paciente n\u00e3o conseguia andar em linha reta e agora, depois da cirurgia, anda em linha reta normalmente<\/strong><\/p>\n<p style=\"text-align: justify;\">M\u00e1rcio Abreu j\u00e1 obteve destaque mundial quando inventou o Term\u00f4metro do Futuro. Aparelho que sem nenhuma a\u00e7\u00e3o invasiva consegue detectar doen\u00e7as como o C\u00e2ncer e suas met\u00e1stases, com o monitoramento das ondas cerebrais apenas com sensores, colocados na cabe\u00e7a dos pacientes.<\/p>\n<p><img loading=\"lazy\" decoding=\"async\" class=\"alignnone size-full wp-image-7455\" src=\"https:\/\/jorgezanoni.com.br\/2019\/wp-content\/uploads\/2019\/09\/Ourinhos5.jpg\" alt=\"\" width=\"1111\" height=\"549\" srcset=\"https:\/\/jorgezanoni.com.br\/2019\/wp-content\/uploads\/2019\/09\/Ourinhos5.jpg 1111w, https:\/\/jorgezanoni.com.br\/2019\/wp-content\/uploads\/2019\/09\/Ourinhos5-300x148.jpg 300w, https:\/\/jorgezanoni.com.br\/2019\/wp-content\/uploads\/2019\/09\/Ourinhos5-768x380.jpg 768w, https:\/\/jorgezanoni.com.br\/2019\/wp-content\/uploads\/2019\/09\/Ourinhos5-1024x506.jpg 1024w, https:\/\/jorgezanoni.com.br\/2019\/wp-content\/uploads\/2019\/09\/Ourinhos5-324x160.jpg 324w, https:\/\/jorgezanoni.com.br\/2019\/wp-content\/uploads\/2019\/09\/Ourinhos5-696x344.jpg 696w, https:\/\/jorgezanoni.com.br\/2019\/wp-content\/uploads\/2019\/09\/Ourinhos5-1068x528.jpg 1068w, https:\/\/jorgezanoni.com.br\/2019\/wp-content\/uploads\/2019\/09\/Ourinhos5-850x420.jpg 850w\" sizes=\"auto, (max-width: 1111px) 100vw, 1111px\" \/><\/p>\n<p style=\"text-align: justify;\"><strong>Outra paciente que n\u00e3o conseguia nem andar e ap\u00f3s a cirurgia, entra no carro sem nenhuma ajuda<\/strong><\/p>\n<p style=\"text-align: justify;\">A Gazeta Regional, na \u00e9poca em sua edi\u00e7\u00e3o f\u00edsica, mostrou com exclusividade o destaque do Dr. M\u00e1rcio Abreu em um dos jornais mais expressivos dos Estados Unidos e ainda cobriu e participou de um jantar aqui na nossa cidade em homenagem ao m\u00e9dico e cientista, que leva para os quatro contos do mundo o nome do nosso pa\u00eds e de nossa cidade.<\/p>\n<p style=\"text-align: justify;\">Veja no v\u00eddeo, a mat\u00e9ria exibida pela Rede TV News no Dia Mundial da Doen\u00e7a de Alzheimer, que mostrou todo o procedimento e a melhora expressiva de pacientes que se submeteram a cirurgia, com o relato dos mesmos e ainda uma entrevista com o Dr. M\u00e1rcio Abreu.<\/p>\n<p style=\"text-align: justify;\">Fonte: http:\/\/agazetaonline.com.br\/2019\/09\/26\/medico-e-cientista-ourinhense-ganha-destaque-mundial-pelo-resultado-expressivo-no-combate-as-doencas-degenerativas\/?fbclid=IwAR1hrUy_Rf9ovig-EAAGbgs079NjINC9pxXGluvCyi-W29GVfrcFy1waxXM<\/p>\n","protected":false},"excerpt":{"rendered":"<p>O Dr. M\u00e1rcio Abreu, ourinhense, m\u00e9dico e cientista, que atualmente reside no Estados Unidos, comanda uma equipe de m\u00e9dicos do BTT Medical Institute, que fica na cidade de Westport, em Connecticut, nos Estados Unidos. Este instituto \u00e9 especializado em ajudar as pessoas a proteger, preservar e prolongar a vida, por meio de Indu\u00e7\u00e3o de prote\u00ednas [&hellip;]<\/p>\n","protected":false},"author":1,"featured_media":7450,"comment_status":"closed","ping_status":"open","sticky":false,"template":"","format":"standard","meta":{"footnotes":""},"categories":[110,122],"tags":[],"class_list":["post-7448","post","type-post","status-publish","format-standard","has-post-thumbnail","hentry","category-noticiasdestaque","category-saudeeducacaoeconcurso"],"_links":{"self":[{"href":"https:\/\/jorgezanoni.com.br\/2019\/wp-json\/wp\/v2\/posts\/7448","targetHints":{"allow":["GET"]}}],"collection":[{"href":"https:\/\/jorgezanoni.com.br\/2019\/wp-json\/wp\/v2\/posts"}],"about":[{"href":"https:\/\/jorgezanoni.com.br\/2019\/wp-json\/wp\/v2\/types\/post"}],"author":[{"embeddable":true,"href":"https:\/\/jorgezanoni.com.br\/2019\/wp-json\/wp\/v2\/users\/1"}],"replies":[{"embeddable":true,"href":"https:\/\/jorgezanoni.com.br\/2019\/wp-json\/wp\/v2\/comments?post=7448"}],"version-history":[{"count":0,"href":"https:\/\/jorgezanoni.com.br\/2019\/wp-json\/wp\/v2\/posts\/7448\/revisions"}],"wp:featuredmedia":[{"embeddable":true,"href":"https:\/\/jorgezanoni.com.br\/2019\/wp-json\/wp\/v2\/media\/7450"}],"wp:attachment":[{"href":"https:\/\/jorgezanoni.com.br\/2019\/wp-json\/wp\/v2\/media?parent=7448"}],"wp:term":[{"taxonomy":"category","embeddable":true,"href":"https:\/\/jorgezanoni.com.br\/2019\/wp-json\/wp\/v2\/categories?post=7448"},{"taxonomy":"post_tag","embeddable":true,"href":"https:\/\/jorgezanoni.com.br\/2019\/wp-json\/wp\/v2\/tags?post=7448"}],"curies":[{"name":"wp","href":"https:\/\/api.w.org\/{rel}","templated":true}]}}