{"id":74464,"date":"2023-03-28T11:44:58","date_gmt":"2023-03-28T11:44:58","guid":{"rendered":"https:\/\/jorgezanoni.com.br\/2019\/?p=74464"},"modified":"2023-03-28T11:44:58","modified_gmt":"2023-03-28T11:44:58","slug":"publicado-o-edital-da-zona-azul-para-dracena-prazo-de-propostas-termina-dia-28-de-abril","status":"publish","type":"post","link":"https:\/\/jorgezanoni.com.br\/2019\/publicado-o-edital-da-zona-azul-para-dracena-prazo-de-propostas-termina-dia-28-de-abril\/","title":{"rendered":"Publicado o Edital da Zona Azul para Dracena, prazo de propostas termina dia 28 de abril"},"content":{"rendered":"<div dir=\"auto\" style=\"text-align: justify;\"><strong>A nova Zona Azul vai gerar 28 empregos para diversos cargos e dever\u00e1 ser implantada em breve.<\/strong><\/div>\n<div dir=\"auto\"><\/div>\n<div class=\"x11i5rnm xat24cr x1mh8g0r x1vvkbs xtlvy1s x126k92a\">\n<div dir=\"auto\" style=\"text-align: justify;\">O edital da concorr\u00eancia para escolha da empresa que vai comandar a Zona Azul foi divulgado nesta segunda-feira. As propostas ser\u00e3o recebidas no dia 28 de abril, \u00e0s 9 horas.<\/div>\n<\/div>\n<div class=\"x11i5rnm xat24cr x1mh8g0r x1vvkbs xtlvy1s x126k92a\" style=\"text-align: justify;\">\n<div dir=\"auto\">O edital possui 123 p\u00e1ginas e est\u00e1 dispon\u00edvel no site da Prefeitura. O prazo de concess\u00e3o ser\u00e1 de 10 anos. O limite de vagas para cobran\u00e7a de Zona Azul ser\u00e1 de 1.250 espa\u00e7os.<\/div>\n<\/div>\n<div class=\"x11i5rnm xat24cr x1mh8g0r x1vvkbs xtlvy1s x126k92a\" style=\"text-align: justify;\">\n<div dir=\"auto\">Antes de entrar em opera\u00e7\u00e3o, a concession\u00e1ria ter\u00e1 que fazer ampla divulga\u00e7\u00e3o na cidade para orientar os usu\u00e1rios.<\/div>\n<\/div>\n<div class=\"x11i5rnm xat24cr x1mh8g0r x1vvkbs xtlvy1s x126k92a\" style=\"text-align: justify;\">\n<div dir=\"auto\">A Zona Azul tamb\u00e9m vai gerar 26 empregos, como gerente de filial, t\u00e9cnico de manuten\u00e7\u00e3o, motorista, monitora, auxiliar de manuten\u00e7\u00e3o e auxiliar de servi\u00e7os gerais.<\/div>\n<\/div>\n<div class=\"x11i5rnm xat24cr x1mh8g0r x1vvkbs xtlvy1s x126k92a\" style=\"text-align: justify;\">\n<div dir=\"auto\">Ser\u00e3o oferecidas duas vagas de atendente e 16 de agente de fiscaliza\u00e7\u00e3o.<\/div>\n<\/div>\n<div class=\"x11i5rnm xat24cr x1mh8g0r x1vvkbs xtlvy1s x126k92a\" style=\"text-align: justify;\">\n<div dir=\"auto\">Ainda um t\u00e9cnico de TI e um assistente financeiro.<\/div>\n<\/div>\n<div class=\"x11i5rnm xat24cr x1mh8g0r x1vvkbs xtlvy1s x126k92a\">\n<div dir=\"auto\" style=\"text-align: justify;\"><a class=\"x1i10hfl xjbqb8w x6umtig x1b1mbwd xaqea5y xav7gou x9f619 x1ypdohk xt0psk2 xe8uvvx xdj266r x11i5rnm xat24cr x1mh8g0r xexx8yu x4uap5 x18d9i69 xkhd6sd x16tdsg8 x1hl2dhg xggy1nq x1a2a7pz xt0b8zv x1fey0fg\" tabindex=\"0\" role=\"link\" href=\"https:\/\/www.dracena.sp.gov.br\/portal\/editais\/0\/1\/5818?fbclid=IwAR1EcMKGPdEIr9rl2D9bfjOpHkx6az2lS2D5s1YtIvbv_ZBHV-KC4GgSkko\" target=\"_blank\" rel=\"nofollow noopener\">https:\/\/www.dracena.sp.gov.br\/portal\/editais\/0\/1\/5818<\/a><\/div>\n<\/div>\n","protected":false},"excerpt":{"rendered":"<p>A nova Zona Azul vai gerar 28 empregos para diversos cargos e dever\u00e1 ser implantada em breve. O edital da concorr\u00eancia para escolha da empresa que vai comandar a Zona Azul foi divulgado nesta segunda-feira. As propostas ser\u00e3o recebidas no dia 28 de abril, \u00e0s 9 horas. O edital possui 123 p\u00e1ginas e est\u00e1 dispon\u00edvel [&hellip;]<\/p>\n","protected":false},"author":1,"featured_media":74465,"comment_status":"closed","ping_status":"open","sticky":false,"template":"","format":"standard","meta":{"footnotes":""},"categories":[179,184,180,110],"tags":[],"class_list":["post-74464","post","type-post","status-publish","format-standard","has-post-thumbnail","hentry","category-cidadeseregiao","category-dracena","category-estradastransitoveiculos","category-noticiasdestaque"],"_links":{"self":[{"href":"https:\/\/jorgezanoni.com.br\/2019\/wp-json\/wp\/v2\/posts\/74464","targetHints":{"allow":["GET"]}}],"collection":[{"href":"https:\/\/jorgezanoni.com.br\/2019\/wp-json\/wp\/v2\/posts"}],"about":[{"href":"https:\/\/jorgezanoni.com.br\/2019\/wp-json\/wp\/v2\/types\/post"}],"author":[{"embeddable":true,"href":"https:\/\/jorgezanoni.com.br\/2019\/wp-json\/wp\/v2\/users\/1"}],"replies":[{"embeddable":true,"href":"https:\/\/jorgezanoni.com.br\/2019\/wp-json\/wp\/v2\/comments?post=74464"}],"version-history":[{"count":1,"href":"https:\/\/jorgezanoni.com.br\/2019\/wp-json\/wp\/v2\/posts\/74464\/revisions"}],"predecessor-version":[{"id":74466,"href":"https:\/\/jorgezanoni.com.br\/2019\/wp-json\/wp\/v2\/posts\/74464\/revisions\/74466"}],"wp:featuredmedia":[{"embeddable":true,"href":"https:\/\/jorgezanoni.com.br\/2019\/wp-json\/wp\/v2\/media\/74465"}],"wp:attachment":[{"href":"https:\/\/jorgezanoni.com.br\/2019\/wp-json\/wp\/v2\/media?parent=74464"}],"wp:term":[{"taxonomy":"category","embeddable":true,"href":"https:\/\/jorgezanoni.com.br\/2019\/wp-json\/wp\/v2\/categories?post=74464"},{"taxonomy":"post_tag","embeddable":true,"href":"https:\/\/jorgezanoni.com.br\/2019\/wp-json\/wp\/v2\/tags?post=74464"}],"curies":[{"name":"wp","href":"https:\/\/api.w.org\/{rel}","templated":true}]}}