{"id":74446,"date":"2023-03-28T00:34:37","date_gmt":"2023-03-28T00:34:37","guid":{"rendered":"https:\/\/jorgezanoni.com.br\/2019\/?p=74446"},"modified":"2023-03-28T00:34:37","modified_gmt":"2023-03-28T00:34:37","slug":"policia-civil-identifica-suspeito-e-recupera-motocicleta-furtada-em-ouro-verde","status":"publish","type":"post","link":"https:\/\/jorgezanoni.com.br\/2019\/policia-civil-identifica-suspeito-e-recupera-motocicleta-furtada-em-ouro-verde\/","title":{"rendered":"Pol\u00edcia Civil identifica suspeito e recupera Motocicleta furtada em Ouro Verde"},"content":{"rendered":"<p style=\"text-align: justify;\"><strong>A motocicleta foi encontrada escondida coberta com folhas, em uma \u00e1rea de mata pr\u00f3ximo \u00e0 margem do Rio Paran\u00e1, no munic\u00edpio de Panorama.<\/strong><\/p>\n<p style=\"text-align: justify;\">A Pol\u00edcia Civil, por interm\u00e9dio da Delegacia de Pol\u00edcia de Panorama, durante dilig\u00eancia recuperou nesta segunda-feira (27), uma motocicleta que havia sido subtra\u00edda, na manh\u00e3 do \u00faltimo s\u00e1bado (25), da garagem de uma resid\u00eancia localizada no Conj. Hab. Bela Vista, em Ouro Verde (SP). A motocicleta foi localizada pela Pol\u00edcia Civil escondida coberta por uma vegeta\u00e7\u00e3o de folhas, em uma \u00e1rea de mata pr\u00f3ximo \u00e0 margem do Rio Paran\u00e1, no munic\u00edpio de Panorama (SP).<br \/>\nAgentes da Delegacia de Pol\u00edcia de Panorama, ap\u00f3s trabalho investigativo localizou a motocicleta furtada no munic\u00edpio de Panorama (SP), ap\u00f3s realiza\u00e7\u00e3o trabalho de campo visando localizar, recuperar e identificar o poss\u00edvel autor do furto do referido ve\u00edculo subtra\u00eddo.<br \/>\nDurante as dilig\u00eancias, os policiais civis identificaram um homem, de 22 anos, suspeito de ter praticado o furto da motocicleta. Em conversa com o acusado, ele acabou confessando a autoria do furto do motociclo e tamb\u00e9m indicou o local onde havia escondido o ve\u00edculo subtra\u00eddo.<br \/>\nA motocicleta foi apreendida e ap\u00f3s ser periciada, foi restitu\u00edda \u00e0 v\u00edtima. O suspeito foi conduzido \u00e0 delegacia, onde reiterou a confiss\u00e3o da pratica delitiva, foi ouvido e liberado, em raz\u00e3o de n\u00e3o haver os requisitos do estado flagrancial.<\/p>\n<p><img loading=\"lazy\" decoding=\"async\" class=\"alignnone size-full wp-image-74447\" src=\"https:\/\/jorgezanoni.com.br\/2019\/wp-content\/uploads\/2023\/03\/moto.jpg\" alt=\"\" width=\"700\" height=\"393\" srcset=\"https:\/\/jorgezanoni.com.br\/2019\/wp-content\/uploads\/2023\/03\/moto.jpg 700w, https:\/\/jorgezanoni.com.br\/2019\/wp-content\/uploads\/2023\/03\/moto-300x168.jpg 300w, https:\/\/jorgezanoni.com.br\/2019\/wp-content\/uploads\/2023\/03\/moto-696x391.jpg 696w\" sizes=\"auto, (max-width: 700px) 100vw, 700px\" \/><\/p>\n<p style=\"text-align: justify;\">Fonte: Com. Social Pol\u00edcia Civil<\/p>\n","protected":false},"excerpt":{"rendered":"<p>A motocicleta foi encontrada escondida coberta com folhas, em uma \u00e1rea de mata pr\u00f3ximo \u00e0 margem do Rio Paran\u00e1, no munic\u00edpio de Panorama. A Pol\u00edcia Civil, por interm\u00e9dio da Delegacia de Pol\u00edcia de Panorama, durante dilig\u00eancia recuperou nesta segunda-feira (27), uma motocicleta que havia sido subtra\u00edda, na manh\u00e3 do \u00faltimo s\u00e1bado (25), da garagem de [&hellip;]<\/p>\n","protected":false},"author":1,"featured_media":74448,"comment_status":"closed","ping_status":"open","sticky":false,"template":"","format":"standard","meta":{"footnotes":""},"categories":[110,2],"tags":[],"class_list":["post-74446","post","type-post","status-publish","format-standard","has-post-thumbnail","hentry","category-noticiasdestaque","category-policial"],"_links":{"self":[{"href":"https:\/\/jorgezanoni.com.br\/2019\/wp-json\/wp\/v2\/posts\/74446","targetHints":{"allow":["GET"]}}],"collection":[{"href":"https:\/\/jorgezanoni.com.br\/2019\/wp-json\/wp\/v2\/posts"}],"about":[{"href":"https:\/\/jorgezanoni.com.br\/2019\/wp-json\/wp\/v2\/types\/post"}],"author":[{"embeddable":true,"href":"https:\/\/jorgezanoni.com.br\/2019\/wp-json\/wp\/v2\/users\/1"}],"replies":[{"embeddable":true,"href":"https:\/\/jorgezanoni.com.br\/2019\/wp-json\/wp\/v2\/comments?post=74446"}],"version-history":[{"count":1,"href":"https:\/\/jorgezanoni.com.br\/2019\/wp-json\/wp\/v2\/posts\/74446\/revisions"}],"predecessor-version":[{"id":74449,"href":"https:\/\/jorgezanoni.com.br\/2019\/wp-json\/wp\/v2\/posts\/74446\/revisions\/74449"}],"wp:featuredmedia":[{"embeddable":true,"href":"https:\/\/jorgezanoni.com.br\/2019\/wp-json\/wp\/v2\/media\/74448"}],"wp:attachment":[{"href":"https:\/\/jorgezanoni.com.br\/2019\/wp-json\/wp\/v2\/media?parent=74446"}],"wp:term":[{"taxonomy":"category","embeddable":true,"href":"https:\/\/jorgezanoni.com.br\/2019\/wp-json\/wp\/v2\/categories?post=74446"},{"taxonomy":"post_tag","embeddable":true,"href":"https:\/\/jorgezanoni.com.br\/2019\/wp-json\/wp\/v2\/tags?post=74446"}],"curies":[{"name":"wp","href":"https:\/\/api.w.org\/{rel}","templated":true}]}}