{"id":74405,"date":"2023-03-25T19:48:44","date_gmt":"2023-03-25T19:48:44","guid":{"rendered":"https:\/\/jorgezanoni.com.br\/2019\/?p=74405"},"modified":"2023-03-25T19:48:44","modified_gmt":"2023-03-25T19:48:44","slug":"correios-abre-inscricoes-para-o-programa-jovem-aprendiz-2023","status":"publish","type":"post","link":"https:\/\/jorgezanoni.com.br\/2019\/correios-abre-inscricoes-para-o-programa-jovem-aprendiz-2023\/","title":{"rendered":"Correios abre inscri\u00e7\u00f5es para o programa Jovem Aprendiz 2023\u00a0"},"content":{"rendered":"<p style=\"text-align: justify;\"><span class=\"v1x_x_xxxxxcontentpasted0\"><span class=\"v1x_x_ContentPasted0\">As inscri\u00e7\u00f5es para o programa de Jovem Aprendiz dos Correios come\u00e7am na pr\u00f3xima segunda-feira (27), com\u00a0<\/span><span class=\"v1x_x_ContentPasted0\">4.382\u00a0<\/span><\/span><span class=\"v1x_x_xxxxxcontentpasted0\"><span class=\"v1x_x_ContentPasted0\">vagas dispon\u00edveis e<\/span><span class=\"v1x_x_ContentPasted0\">\u00a0forma\u00e7\u00e3o de cadastro reserva para todo o territ\u00f3rio nacion<\/span><span class=\"v1x_x_ContentPasted0\">al.\u00a0<\/span><span class=\"v1x_x_ContentPasted0\">Estudantes com idade entre\u00a0<\/span><span class=\"v1x_x_ContentPasted0\">14 e 21 anos completos no ato da contrata\u00e7\u00e3o, que estejam cursando, no m\u00ednimo, o 9\u00ba ano do Ensino Fundamental podem se candidatar.\u00a0<\/span><span class=\"v1x_x_ContentPasted0\">As inscri\u00e7\u00f5es devem ser realizadas no site da estatal at\u00e9 o dia 21 de abril<\/span><\/span><span class=\"v1x_x_ContentPasted0\">\u00a0de 2023.<\/span><\/p>\n<p style=\"text-align: justify;\"><span class=\"v1x_x_xxxxxcontentpasted0\"><span class=\"v1x_x_ContentPasted0\">Do total das vagas, 10% ser\u00e3o destinadas aos candidatos com defici\u00eancia e 20% aos que se declararem pretos e pardos. A<\/span><\/span><span class=\"v1x_x_xxxxxcontentpasted0\"><span class=\"v1x_x_ContentPasted0\">\u00a0sel<\/span><span class=\"v1x_x_ContentPasted0\">e\u00e7\u00e3o simplificada \u00e9 realizada por meio de comprova\u00e7\u00e3o de requisitos referentes \u00e0 renda familiar, idade, tipo de institui\u00e7\u00e3o de ensino onde estuda e participa\u00e7\u00e3o em projetos sociais. A pontua\u00e7\u00e3o est\u00e1 detalhada no<\/span><span class=\"v1x_x_ContentPasted0\">\u00a0<\/span><\/span><a class=\"v1x_x_ContentPasted0\" href=\"https:\/\/www2.correios.com.br\/institucional\/concursos\/correios\/ArquivosProsel\/01208_060482.pdf\" target=\"_blank\" rel=\"noopener noreferrer\">edital<\/a><span class=\"v1x_x_xxxxxcontentpasted0\"><span class=\"v1x_x_ContentPasted0\">.\u00a0<\/span>\u00a0<\/span><\/p>\n<p style=\"text-align: justify;\"><span class=\"v1x_x_xxxxxcontentpasted0\"><span class=\"v1x_x_ContentPasted0\">A jornada de 20 horas semanais ser\u00e1 distribu\u00edda em quatro horas di\u00e1rias,\u00a0divididas em atividades te\u00f3ricas<\/span><span class=\"v1x_x_ContentPasted0\">\u00a0<\/span><span class=\"v1x_x_ContentPasted0\">(<\/span><span class=\"v1x_x_ContentPasted0\">em entidade qualificada na forma\u00e7\u00e3o t\u00e9cnico-profissional)<\/span><span class=\"v1x_x_ContentPasted0\">\u00a0<\/span><span class=\"v1x_x_ContentPasted0\">e<\/span><span class=\"v1x_x_ContentPasted0\">\u00a0<\/span><span class=\"v1x_x_ContentPasted0\">pr\u00e1ticas<\/span><span class=\"v1x_x_ContentPasted0\">\u00a0<\/span><span class=\"v1x_x_ContentPasted0\">(<\/span><span class=\"v1x_x_ContentPasted0\">nos Correios)<\/span><span class=\"v1x_x_ContentPasted0\">.<\/span><span class=\"v1x_x_ContentPasted0\">\u00a0<\/span><span class=\"v1x_x_ContentPasted0\">Os selecionados receber\u00e3o o sal\u00e1rio-m\u00ednimo-hora, conforme piso salarial de cada estado,<\/span><span class=\"v1x_x_ContentPasted0\">\u00a0<\/span><span class=\"v1x_x_ContentPasted0\">al\u00e9m de vale-transporte, vale-refei\u00e7\u00e3o ou alimenta\u00e7\u00e3o e uniforme.\u00a0<\/span><\/span><\/p>\n<p class=\"v1x_elementToProof\" style=\"text-align: justify;\"><span class=\"v1x_x_ContentPasted0\">O processo seletivo ter\u00e1 a validade de um an<\/span><span class=\"v1x_x_ContentPasted0\">o, podendo ser prorrogado uma \u00fanica vez por igual per\u00edodo. Todas as informa<\/span><span class=\"v1x_x_ContentPasted0\">\u00e7\u00f5es<\/span><span class=\"v1x_x_ContentPasted0\">\u00a0<\/span><span class=\"v1x_x_ContentPasted0\">est\u00e3o\u00a0<\/span><span class=\"v1x_x_ContentPasted0\">dispon\u00edveis no<\/span><span class=\"v1x_x_ContentPasted0\">\u00a0<a class=\"v1x_x_ContentPasted0\" title=\"https:\/\/www2.correios.com.br\/institucional\/concursos\/correios\/default.cfm\" href=\"https:\/\/www2.correios.com.br\/institucional\/concursos\/correios\/default.cfm\" target=\"_blank\" rel=\"noopener noreferrer\">site dos Correios.<\/a><\/span><\/p>\n<p style=\"text-align: justify;\"><b><span class=\"v1ContentPasted0\">Assessoria de Imprensa<\/span><\/b><\/p>\n","protected":false},"excerpt":{"rendered":"<p>As inscri\u00e7\u00f5es para o programa de Jovem Aprendiz dos Correios come\u00e7am na pr\u00f3xima segunda-feira (27), com\u00a04.382\u00a0vagas dispon\u00edveis e\u00a0forma\u00e7\u00e3o de cadastro reserva para todo o territ\u00f3rio nacional.\u00a0Estudantes com idade entre\u00a014 e 21 anos completos no ato da contrata\u00e7\u00e3o, que estejam cursando, no m\u00ednimo, o 9\u00ba ano do Ensino Fundamental podem se candidatar.\u00a0As inscri\u00e7\u00f5es devem ser realizadas [&hellip;]<\/p>\n","protected":false},"author":1,"featured_media":74406,"comment_status":"closed","ping_status":"open","sticky":false,"template":"","format":"standard","meta":{"footnotes":""},"categories":[110,122],"tags":[],"class_list":["post-74405","post","type-post","status-publish","format-standard","has-post-thumbnail","hentry","category-noticiasdestaque","category-saudeeducacaoeconcurso"],"_links":{"self":[{"href":"https:\/\/jorgezanoni.com.br\/2019\/wp-json\/wp\/v2\/posts\/74405","targetHints":{"allow":["GET"]}}],"collection":[{"href":"https:\/\/jorgezanoni.com.br\/2019\/wp-json\/wp\/v2\/posts"}],"about":[{"href":"https:\/\/jorgezanoni.com.br\/2019\/wp-json\/wp\/v2\/types\/post"}],"author":[{"embeddable":true,"href":"https:\/\/jorgezanoni.com.br\/2019\/wp-json\/wp\/v2\/users\/1"}],"replies":[{"embeddable":true,"href":"https:\/\/jorgezanoni.com.br\/2019\/wp-json\/wp\/v2\/comments?post=74405"}],"version-history":[{"count":1,"href":"https:\/\/jorgezanoni.com.br\/2019\/wp-json\/wp\/v2\/posts\/74405\/revisions"}],"predecessor-version":[{"id":74407,"href":"https:\/\/jorgezanoni.com.br\/2019\/wp-json\/wp\/v2\/posts\/74405\/revisions\/74407"}],"wp:featuredmedia":[{"embeddable":true,"href":"https:\/\/jorgezanoni.com.br\/2019\/wp-json\/wp\/v2\/media\/74406"}],"wp:attachment":[{"href":"https:\/\/jorgezanoni.com.br\/2019\/wp-json\/wp\/v2\/media?parent=74405"}],"wp:term":[{"taxonomy":"category","embeddable":true,"href":"https:\/\/jorgezanoni.com.br\/2019\/wp-json\/wp\/v2\/categories?post=74405"},{"taxonomy":"post_tag","embeddable":true,"href":"https:\/\/jorgezanoni.com.br\/2019\/wp-json\/wp\/v2\/tags?post=74405"}],"curies":[{"name":"wp","href":"https:\/\/api.w.org\/{rel}","templated":true}]}}