{"id":74402,"date":"2023-03-25T19:19:54","date_gmt":"2023-03-25T19:19:54","guid":{"rendered":"https:\/\/jorgezanoni.com.br\/2019\/?p=74402"},"modified":"2023-03-25T19:19:54","modified_gmt":"2023-03-25T19:19:54","slug":"policia-militar-prende-homem-por-tentativa-de-homicidio-em-dracena","status":"publish","type":"post","link":"https:\/\/jorgezanoni.com.br\/2019\/policia-militar-prende-homem-por-tentativa-de-homicidio-em-dracena\/","title":{"rendered":"Pol\u00edcia Militar prende homem por tentativa de Homic\u00eddio em Dracena"},"content":{"rendered":"<p style=\"text-align: justify;\">NA NOITE DE QUINTA-FEIRA (23) POR VOLTA DAS 22H13MIN A EQUIPE DA POL\u00cdCIA MILITAR FOI ACIONADA VIA COPOM, COMPARECEU PELO LOCAL DOS FATOS BAIRRO S\u00c3O FRANCISCO EM DRACENA, FOI FEITO CONTATO COM O AUTOR 31 ANOS QUE ESTAVA COM UM PEQUENO CORTE NO DEDO DA M\u00c3O DIREITA, RELATANDO QUE FOI AMEA\u00c7ADO DE MORTE, V\u00c1RIAS VEZES DURANTE O DIA PELA V\u00cdTIMA ( HOMEM 39 ANOS), ATRAV\u00c9S DE MENSAGENS. E POR VOLTA DAS 22H HORAS, SAIU DE SUA RESID\u00caNCIA E FOI AT\u00c9 UM POSTO DE GASOLINA PR\u00d3XIMO, MOMENTO QUE A V\u00cdTIMA O ENCONTROU PELA AV PRESIDENTE ROOSEVELT ESQUINA COM A RUA IRRADIA\u00c7\u00c3O COM UMA FACA NA M\u00c3O E PARTINDO EM SUA DIRE\u00c7\u00c3O, PARA SE DEFENDER ESTAVA COM UMA FACA PEQUENA DE COZINHA E GOLPEOU ACERTANDO A V\u00cdTIMA QUE FOI SOCORRIDO POR FAMILIARES AT\u00c9 O PS LOCAL, ONDE FOI MEDICADO SUTURADO E LIBERADO E CONDUZIDO AO PLANT\u00c3O POLICIAL DE DRACENA. FOI REALIZADO DELIGENCIAS PELO LOCAL DOS FATOS, QUE \u00c9 PROXIMO A CASA DA V\u00cdTIMA E LOCALIZADO UM CAIBRO DE MADEIRA E UMA FACA DE P\u00c3O DANIFICADA. FOI DADO VOZ DE PRIS\u00c3O AO AUTOR POR TENTATIVA DE HOMIC\u00cdDIO FICANDO A DISPOSI\u00c7\u00c3O DA JUSTI\u00c7A.<\/p>\n<p style=\"text-align: justify;\">Fonte: Com. Social Pol\u00edcia Militar<\/p>\n","protected":false},"excerpt":{"rendered":"<p>NA NOITE DE QUINTA-FEIRA (23) POR VOLTA DAS 22H13MIN A EQUIPE DA POL\u00cdCIA MILITAR FOI ACIONADA VIA COPOM, COMPARECEU PELO LOCAL DOS FATOS BAIRRO S\u00c3O FRANCISCO EM DRACENA, FOI FEITO CONTATO COM O AUTOR 31 ANOS QUE ESTAVA COM UM PEQUENO CORTE NO DEDO DA M\u00c3O DIREITA, RELATANDO QUE FOI AMEA\u00c7ADO DE MORTE, V\u00c1RIAS VEZES [&hellip;]<\/p>\n","protected":false},"author":1,"featured_media":74403,"comment_status":"closed","ping_status":"open","sticky":false,"template":"","format":"standard","meta":{"footnotes":""},"categories":[110,2],"tags":[],"class_list":["post-74402","post","type-post","status-publish","format-standard","has-post-thumbnail","hentry","category-noticiasdestaque","category-policial"],"_links":{"self":[{"href":"https:\/\/jorgezanoni.com.br\/2019\/wp-json\/wp\/v2\/posts\/74402","targetHints":{"allow":["GET"]}}],"collection":[{"href":"https:\/\/jorgezanoni.com.br\/2019\/wp-json\/wp\/v2\/posts"}],"about":[{"href":"https:\/\/jorgezanoni.com.br\/2019\/wp-json\/wp\/v2\/types\/post"}],"author":[{"embeddable":true,"href":"https:\/\/jorgezanoni.com.br\/2019\/wp-json\/wp\/v2\/users\/1"}],"replies":[{"embeddable":true,"href":"https:\/\/jorgezanoni.com.br\/2019\/wp-json\/wp\/v2\/comments?post=74402"}],"version-history":[{"count":1,"href":"https:\/\/jorgezanoni.com.br\/2019\/wp-json\/wp\/v2\/posts\/74402\/revisions"}],"predecessor-version":[{"id":74404,"href":"https:\/\/jorgezanoni.com.br\/2019\/wp-json\/wp\/v2\/posts\/74402\/revisions\/74404"}],"wp:featuredmedia":[{"embeddable":true,"href":"https:\/\/jorgezanoni.com.br\/2019\/wp-json\/wp\/v2\/media\/74403"}],"wp:attachment":[{"href":"https:\/\/jorgezanoni.com.br\/2019\/wp-json\/wp\/v2\/media?parent=74402"}],"wp:term":[{"taxonomy":"category","embeddable":true,"href":"https:\/\/jorgezanoni.com.br\/2019\/wp-json\/wp\/v2\/categories?post=74402"},{"taxonomy":"post_tag","embeddable":true,"href":"https:\/\/jorgezanoni.com.br\/2019\/wp-json\/wp\/v2\/tags?post=74402"}],"curies":[{"name":"wp","href":"https:\/\/api.w.org\/{rel}","templated":true}]}}