{"id":74386,"date":"2023-03-25T18:44:33","date_gmt":"2023-03-25T18:44:33","guid":{"rendered":"https:\/\/jorgezanoni.com.br\/2019\/?p=74386"},"modified":"2023-03-25T18:44:33","modified_gmt":"2023-03-25T18:44:33","slug":"policia-civil-ministra-palestra-para-academicos-do-curso-de-direito-em-dracena","status":"publish","type":"post","link":"https:\/\/jorgezanoni.com.br\/2019\/policia-civil-ministra-palestra-para-academicos-do-curso-de-direito-em-dracena\/","title":{"rendered":"Pol\u00edcia Civil ministra Palestra para Acad\u00eamicos do Curso de Direito em Dracena"},"content":{"rendered":"<p style=\"text-align: justify;\">A Pol\u00edcia Civil, por interm\u00e9dio da Delegacia de Pol\u00edcia de Dracena, ministrou nesta sexta-feira (24), palestra com tema Drogas Conceitos e Consequ\u00eancias para alunos do 3\u00ba termo do curso de direito, da Faculdade REGES de Dracena. O encontro realizado no ambiente de sala de aula.<br \/>\nA tem\u00e1tica que abrangeu um breve hist\u00f3rico sobre o conceito do que s\u00e3o drogas ficou a cargo do agente policial Reginaldo Rosa. O policial civil tamb\u00e9m discorreu os efeitos e consequ\u00eancias do uso das substancias entorpecentes.<br \/>\nAssim que encerrada a apresenta\u00e7\u00e3o, houve espa\u00e7o para perguntas e esclarecimento de d\u00favidas dos universit\u00e1rios. O delegado de pol\u00edcia e professor Alessandro Neves Barone acompanhou a palestra e representou o corpo docente da institui\u00e7\u00e3o de ensino.<\/p>\n<p><img loading=\"lazy\" decoding=\"async\" class=\"alignnone size-full wp-image-74387\" src=\"https:\/\/jorgezanoni.com.br\/2019\/wp-content\/uploads\/2023\/03\/re.jpg\" alt=\"\" width=\"713\" height=\"1420\" srcset=\"https:\/\/jorgezanoni.com.br\/2019\/wp-content\/uploads\/2023\/03\/re.jpg 713w, https:\/\/jorgezanoni.com.br\/2019\/wp-content\/uploads\/2023\/03\/re-151x300.jpg 151w, https:\/\/jorgezanoni.com.br\/2019\/wp-content\/uploads\/2023\/03\/re-514x1024.jpg 514w, https:\/\/jorgezanoni.com.br\/2019\/wp-content\/uploads\/2023\/03\/re-696x1386.jpg 696w, https:\/\/jorgezanoni.com.br\/2019\/wp-content\/uploads\/2023\/03\/re-211x420.jpg 211w\" sizes=\"auto, (max-width: 713px) 100vw, 713px\" \/> <img loading=\"lazy\" decoding=\"async\" class=\"alignnone size-full wp-image-74388\" src=\"https:\/\/jorgezanoni.com.br\/2019\/wp-content\/uploads\/2023\/03\/re1.jpg\" alt=\"\" width=\"1600\" height=\"720\" srcset=\"https:\/\/jorgezanoni.com.br\/2019\/wp-content\/uploads\/2023\/03\/re1.jpg 1600w, https:\/\/jorgezanoni.com.br\/2019\/wp-content\/uploads\/2023\/03\/re1-300x135.jpg 300w, https:\/\/jorgezanoni.com.br\/2019\/wp-content\/uploads\/2023\/03\/re1-1024x461.jpg 1024w, https:\/\/jorgezanoni.com.br\/2019\/wp-content\/uploads\/2023\/03\/re1-768x346.jpg 768w, https:\/\/jorgezanoni.com.br\/2019\/wp-content\/uploads\/2023\/03\/re1-1536x691.jpg 1536w, https:\/\/jorgezanoni.com.br\/2019\/wp-content\/uploads\/2023\/03\/re1-696x313.jpg 696w, https:\/\/jorgezanoni.com.br\/2019\/wp-content\/uploads\/2023\/03\/re1-1068x481.jpg 1068w, https:\/\/jorgezanoni.com.br\/2019\/wp-content\/uploads\/2023\/03\/re1-933x420.jpg 933w\" sizes=\"auto, (max-width: 1600px) 100vw, 1600px\" \/> <img loading=\"lazy\" decoding=\"async\" class=\"alignnone size-full wp-image-74389\" src=\"https:\/\/jorgezanoni.com.br\/2019\/wp-content\/uploads\/2023\/03\/re2.jpg\" alt=\"\" width=\"1600\" height=\"1200\" srcset=\"https:\/\/jorgezanoni.com.br\/2019\/wp-content\/uploads\/2023\/03\/re2.jpg 1600w, https:\/\/jorgezanoni.com.br\/2019\/wp-content\/uploads\/2023\/03\/re2-300x225.jpg 300w, https:\/\/jorgezanoni.com.br\/2019\/wp-content\/uploads\/2023\/03\/re2-1024x768.jpg 1024w, https:\/\/jorgezanoni.com.br\/2019\/wp-content\/uploads\/2023\/03\/re2-768x576.jpg 768w, https:\/\/jorgezanoni.com.br\/2019\/wp-content\/uploads\/2023\/03\/re2-1536x1152.jpg 1536w, https:\/\/jorgezanoni.com.br\/2019\/wp-content\/uploads\/2023\/03\/re2-80x60.jpg 80w, https:\/\/jorgezanoni.com.br\/2019\/wp-content\/uploads\/2023\/03\/re2-265x198.jpg 265w, https:\/\/jorgezanoni.com.br\/2019\/wp-content\/uploads\/2023\/03\/re2-696x522.jpg 696w, https:\/\/jorgezanoni.com.br\/2019\/wp-content\/uploads\/2023\/03\/re2-1068x801.jpg 1068w, https:\/\/jorgezanoni.com.br\/2019\/wp-content\/uploads\/2023\/03\/re2-560x420.jpg 560w\" sizes=\"auto, (max-width: 1600px) 100vw, 1600px\" \/><\/p>\n<p style=\"text-align: justify;\">Fonte: Com. Social Pol\u00edcia Civ\u00edl<\/p>\n","protected":false},"excerpt":{"rendered":"<p>A Pol\u00edcia Civil, por interm\u00e9dio da Delegacia de Pol\u00edcia de Dracena, ministrou nesta sexta-feira (24), palestra com tema Drogas Conceitos e Consequ\u00eancias para alunos do 3\u00ba termo do curso de direito, da Faculdade REGES de Dracena. O encontro realizado no ambiente de sala de aula. A tem\u00e1tica que abrangeu um breve hist\u00f3rico sobre o conceito [&hellip;]<\/p>\n","protected":false},"author":1,"featured_media":74390,"comment_status":"closed","ping_status":"open","sticky":false,"template":"","format":"standard","meta":{"footnotes":""},"categories":[110,2],"tags":[],"class_list":["post-74386","post","type-post","status-publish","format-standard","has-post-thumbnail","hentry","category-noticiasdestaque","category-policial"],"_links":{"self":[{"href":"https:\/\/jorgezanoni.com.br\/2019\/wp-json\/wp\/v2\/posts\/74386","targetHints":{"allow":["GET"]}}],"collection":[{"href":"https:\/\/jorgezanoni.com.br\/2019\/wp-json\/wp\/v2\/posts"}],"about":[{"href":"https:\/\/jorgezanoni.com.br\/2019\/wp-json\/wp\/v2\/types\/post"}],"author":[{"embeddable":true,"href":"https:\/\/jorgezanoni.com.br\/2019\/wp-json\/wp\/v2\/users\/1"}],"replies":[{"embeddable":true,"href":"https:\/\/jorgezanoni.com.br\/2019\/wp-json\/wp\/v2\/comments?post=74386"}],"version-history":[{"count":1,"href":"https:\/\/jorgezanoni.com.br\/2019\/wp-json\/wp\/v2\/posts\/74386\/revisions"}],"predecessor-version":[{"id":74391,"href":"https:\/\/jorgezanoni.com.br\/2019\/wp-json\/wp\/v2\/posts\/74386\/revisions\/74391"}],"wp:featuredmedia":[{"embeddable":true,"href":"https:\/\/jorgezanoni.com.br\/2019\/wp-json\/wp\/v2\/media\/74390"}],"wp:attachment":[{"href":"https:\/\/jorgezanoni.com.br\/2019\/wp-json\/wp\/v2\/media?parent=74386"}],"wp:term":[{"taxonomy":"category","embeddable":true,"href":"https:\/\/jorgezanoni.com.br\/2019\/wp-json\/wp\/v2\/categories?post=74386"},{"taxonomy":"post_tag","embeddable":true,"href":"https:\/\/jorgezanoni.com.br\/2019\/wp-json\/wp\/v2\/tags?post=74386"}],"curies":[{"name":"wp","href":"https:\/\/api.w.org\/{rel}","templated":true}]}}