{"id":74371,"date":"2023-03-25T13:08:07","date_gmt":"2023-03-25T13:08:07","guid":{"rendered":"https:\/\/jorgezanoni.com.br\/2019\/?p=74371"},"modified":"2023-03-25T13:08:07","modified_gmt":"2023-03-25T13:08:07","slug":"morre-helio-furini-que-foi-prefeito-de-junqueiropolis-por-4-gestoes","status":"publish","type":"post","link":"https:\/\/jorgezanoni.com.br\/2019\/morre-helio-furini-que-foi-prefeito-de-junqueiropolis-por-4-gestoes\/","title":{"rendered":"Morre H\u00e9lio Furini que foi prefeito de Junqueir\u00f3polis por 4 gest\u00f5es"},"content":{"rendered":"<p style=\"text-align: justify;\">Comunicamos com pesar o falecimento do ex-prefeito de Junqueir\u00f3polis, H\u00e9lio Furini de 67 anos.<\/p>\n<p style=\"text-align: justify;\">O Vel\u00f3rio est\u00e1 acontecendo no Gin\u00e1sio de Esportes C\u00edcero Gomes e o Sepultamento previsto para as 17:00 Horas de hoje no Cemit\u00e9rio Municipal de Junqueir\u00f3polis.<\/p>\n<p style=\"text-align: justify;\">O Site JZ se solidariza com os familiares, amigos e in\u00fameros pol\u00edticos neste dif\u00edcil momento.<\/p>\n<p><img loading=\"lazy\" decoding=\"async\" class=\"alignnone size-full wp-image-74372\" src=\"https:\/\/jorgezanoni.com.br\/2019\/wp-content\/uploads\/2023\/03\/Helio-tv-diario.jpg\" alt=\"\" width=\"700\" height=\"525\" srcset=\"https:\/\/jorgezanoni.com.br\/2019\/wp-content\/uploads\/2023\/03\/Helio-tv-diario.jpg 700w, https:\/\/jorgezanoni.com.br\/2019\/wp-content\/uploads\/2023\/03\/Helio-tv-diario-300x225.jpg 300w, https:\/\/jorgezanoni.com.br\/2019\/wp-content\/uploads\/2023\/03\/Helio-tv-diario-80x60.jpg 80w, https:\/\/jorgezanoni.com.br\/2019\/wp-content\/uploads\/2023\/03\/Helio-tv-diario-265x198.jpg 265w, https:\/\/jorgezanoni.com.br\/2019\/wp-content\/uploads\/2023\/03\/Helio-tv-diario-696x522.jpg 696w, https:\/\/jorgezanoni.com.br\/2019\/wp-content\/uploads\/2023\/03\/Helio-tv-diario-560x420.jpg 560w\" sizes=\"auto, (max-width: 700px) 100vw, 700px\" \/> <img loading=\"lazy\" decoding=\"async\" class=\"alignnone size-full wp-image-74373\" src=\"https:\/\/jorgezanoni.com.br\/2019\/wp-content\/uploads\/2023\/03\/Helio.jpg\" alt=\"\" width=\"674\" height=\"465\" srcset=\"https:\/\/jorgezanoni.com.br\/2019\/wp-content\/uploads\/2023\/03\/Helio.jpg 674w, https:\/\/jorgezanoni.com.br\/2019\/wp-content\/uploads\/2023\/03\/Helio-300x207.jpg 300w, https:\/\/jorgezanoni.com.br\/2019\/wp-content\/uploads\/2023\/03\/Helio-100x70.jpg 100w, https:\/\/jorgezanoni.com.br\/2019\/wp-content\/uploads\/2023\/03\/Helio-218x150.jpg 218w, https:\/\/jorgezanoni.com.br\/2019\/wp-content\/uploads\/2023\/03\/Helio-609x420.jpg 609w\" sizes=\"auto, (max-width: 674px) 100vw, 674px\" \/><\/p>\n<p style=\"text-align: justify;\">Jorge Zanoni<\/p>\n<p>Fotos: TOP TV, TV Oeste Di\u00e1rio\/Renan<\/p>\n<h1 class=\"entry-title\" style=\"text-align: justify;\">Prefeitura decreta luto oficial de tr\u00eas dias pelo falecimento do ex-prefeito H\u00e9lio Furini.<\/h1>\n<div class=\"x11i5rnm xat24cr x1mh8g0r x1vvkbs xtlvy1s x126k92a\" style=\"text-align: justify;\">\n<div dir=\"auto\">O prefeito Osmar Pinatto decretou neste s\u00e1bado (25) o luto oficial de tr\u00eas dias no munic\u00edpio, devido ao falecimento do ex-prefeito e advogado Junqueiropolense H\u00e9lio Furini.<\/div>\n<\/div>\n<div class=\"x11i5rnm xat24cr x1mh8g0r x1vvkbs xtlvy1s x126k92a\" style=\"text-align: justify;\">\n<div dir=\"auto\">H\u00e9lio Aparecido Mendes Furini, 67 anos, faleceu na madrugada desse s\u00e1bado na Santa Casa de Junqueir\u00f3polis.<\/div>\n<\/div>\n<div class=\"x11i5rnm xat24cr x1mh8g0r x1vvkbs xtlvy1s x126k92a\" style=\"text-align: justify;\">\n<div dir=\"auto\">Furini foi prefeito por quatro mandatos de 01\/01\/1997 a 31\/12\/2000, de 01\/01\/2001 a 1\/12\/2004, de 01\/01\/2013 a 31\/12\/2016 e de 01\/01\/2017 a 31\/12\/2020, um grande cidad\u00e3o, advogado e homem p\u00fablico que \u201cdeu grande contribui\u00e7\u00e3o para o desenvolvimento do munic\u00edpio\u201d.<\/div>\n<\/div>\n<div class=\"x11i5rnm xat24cr x1mh8g0r x1vvkbs xtlvy1s x126k92a\" style=\"text-align: justify;\">\n<div dir=\"auto\">A despedida acontece a partir das 9 horas de hoje (25\/03\/2023), no gin\u00e1sio de municipal de esportes Cicero Gomes de onde sair\u00e1 o cortejo marcado para \u00e0s 17 horas para o sepultamento no cemit\u00e9rio de Junqueir\u00f3polis.<\/div>\n<div dir=\"auto\"><\/div>\n<\/div>\n<div dir=\"auto\" style=\"text-align: justify;\">Fonte: TV Oeste Paulista\/Gustavo Oliveira e Cido Oliveira<\/div>\n","protected":false},"excerpt":{"rendered":"<p>Comunicamos com pesar o falecimento do ex-prefeito de Junqueir\u00f3polis, H\u00e9lio Furini de 67 anos. O Vel\u00f3rio est\u00e1 acontecendo no Gin\u00e1sio de Esportes C\u00edcero Gomes e o Sepultamento previsto para as 17:00 Horas de hoje no Cemit\u00e9rio Municipal de Junqueir\u00f3polis. O Site JZ se solidariza com os familiares, amigos e in\u00fameros pol\u00edticos neste dif\u00edcil momento. Jorge [&hellip;]<\/p>\n","protected":false},"author":1,"featured_media":74374,"comment_status":"closed","ping_status":"open","sticky":false,"template":"","format":"standard","meta":{"footnotes":""},"categories":[178,110],"tags":[],"class_list":["post-74371","post","type-post","status-publish","format-standard","has-post-thumbnail","hentry","category-notadefalecimento","category-noticiasdestaque"],"_links":{"self":[{"href":"https:\/\/jorgezanoni.com.br\/2019\/wp-json\/wp\/v2\/posts\/74371","targetHints":{"allow":["GET"]}}],"collection":[{"href":"https:\/\/jorgezanoni.com.br\/2019\/wp-json\/wp\/v2\/posts"}],"about":[{"href":"https:\/\/jorgezanoni.com.br\/2019\/wp-json\/wp\/v2\/types\/post"}],"author":[{"embeddable":true,"href":"https:\/\/jorgezanoni.com.br\/2019\/wp-json\/wp\/v2\/users\/1"}],"replies":[{"embeddable":true,"href":"https:\/\/jorgezanoni.com.br\/2019\/wp-json\/wp\/v2\/comments?post=74371"}],"version-history":[{"count":1,"href":"https:\/\/jorgezanoni.com.br\/2019\/wp-json\/wp\/v2\/posts\/74371\/revisions"}],"predecessor-version":[{"id":74375,"href":"https:\/\/jorgezanoni.com.br\/2019\/wp-json\/wp\/v2\/posts\/74371\/revisions\/74375"}],"wp:featuredmedia":[{"embeddable":true,"href":"https:\/\/jorgezanoni.com.br\/2019\/wp-json\/wp\/v2\/media\/74374"}],"wp:attachment":[{"href":"https:\/\/jorgezanoni.com.br\/2019\/wp-json\/wp\/v2\/media?parent=74371"}],"wp:term":[{"taxonomy":"category","embeddable":true,"href":"https:\/\/jorgezanoni.com.br\/2019\/wp-json\/wp\/v2\/categories?post=74371"},{"taxonomy":"post_tag","embeddable":true,"href":"https:\/\/jorgezanoni.com.br\/2019\/wp-json\/wp\/v2\/tags?post=74371"}],"curies":[{"name":"wp","href":"https:\/\/api.w.org\/{rel}","templated":true}]}}