{"id":74364,"date":"2023-03-24T21:57:27","date_gmt":"2023-03-24T21:57:27","guid":{"rendered":"https:\/\/jorgezanoni.com.br\/2019\/?p=74364"},"modified":"2023-03-24T21:57:27","modified_gmt":"2023-03-24T21:57:27","slug":"alunos-do-anglo-cid-confeccionam-maquetes-sobre-a-cidade","status":"publish","type":"post","link":"https:\/\/jorgezanoni.com.br\/2019\/alunos-do-anglo-cid-confeccionam-maquetes-sobre-a-cidade\/","title":{"rendered":"Alunos do Anglo-CID confeccionam maquetes sobre a cidade"},"content":{"rendered":"<p dir=\"ltr\" style=\"text-align: justify;\">Os alunos dos 3\u00ba anos (azul e branco) do ensino fundamental do Col\u00e9gio Anglo-CID realizaram, neste bimestre, a confec\u00e7\u00e3o de maquetes. O objetivo da aprendizagem foi retomar os conceitos de rua, avenida, quarteir\u00e3o e bairro, fazer a compara\u00e7\u00e3o das paisagens urbanas e rurais e ter a percep\u00e7\u00e3o de que as paisagens mudam ao longo do tempo devido \u00e0 a\u00e7\u00e3o humana. Os alunos tamb\u00e9m mostraram nas maquetes as principais atividades desenvolvidas na zona rural, na zona urbana e conceituaram um munic\u00edpio.<\/p>\n<p dir=\"ltr\" style=\"text-align: justify;\">Segundo as professoras Isabel Malisse Breschi e Cibele Polidoro, a observa\u00e7\u00e3o \u00e9 uma atividade seletiva, pois depende de requisitos do observador. A sele\u00e7\u00e3o de elementos observados, por exemplo, \u00e9 feita com base em instrumentos conceituais e na sensibilidade de quem observa. Trata-se de uma habilidade que pode ser desenvolvida na escola e, particularmente, na Geografia, que tem nas formas espaciais (paisagem) um primeiro n\u00edvel de an\u00e1lise do pr\u00f3prio espa\u00e7o.<\/p>\n<p dir=\"ltr\" style=\"text-align: justify;\">De acordo com a coordenadora J\u00e9ssica Franz\u00e3o Ganzaroli de Oliveira, atividades como estas incentivam o protagonismo do aluno e v\u00e3o ao encontro das metodologias ativas.<\/p>\n<p dir=\"ltr\" style=\"text-align: justify;\">A diretora Eul\u00e1lia Fava destacou que esse tipo de atividade \u00e9 importante, pois os alunos conseguem aprender na pr\u00e1tica os conceitos, o que torna a concretiza\u00e7\u00e3o da aprendizagem mais significativa, al\u00e9m de ser muito divertido.<\/p>\n<p dir=\"ltr\"><img loading=\"lazy\" decoding=\"async\" class=\"alignnone size-full wp-image-74366\" src=\"https:\/\/jorgezanoni.com.br\/2019\/wp-content\/uploads\/2023\/03\/maquete1.jpeg\" alt=\"\" width=\"700\" height=\"525\" srcset=\"https:\/\/jorgezanoni.com.br\/2019\/wp-content\/uploads\/2023\/03\/maquete1.jpeg 700w, https:\/\/jorgezanoni.com.br\/2019\/wp-content\/uploads\/2023\/03\/maquete1-300x225.jpeg 300w, https:\/\/jorgezanoni.com.br\/2019\/wp-content\/uploads\/2023\/03\/maquete1-80x60.jpeg 80w, https:\/\/jorgezanoni.com.br\/2019\/wp-content\/uploads\/2023\/03\/maquete1-265x198.jpeg 265w, https:\/\/jorgezanoni.com.br\/2019\/wp-content\/uploads\/2023\/03\/maquete1-696x522.jpeg 696w, https:\/\/jorgezanoni.com.br\/2019\/wp-content\/uploads\/2023\/03\/maquete1-560x420.jpeg 560w\" sizes=\"auto, (max-width: 700px) 100vw, 700px\" \/><\/p>\n<p dir=\"ltr\" style=\"text-align: justify;\">Fonte: Depto. de Comunica\u00e7\u00e3o da Fundec<\/p>\n","protected":false},"excerpt":{"rendered":"<p>Os alunos dos 3\u00ba anos (azul e branco) do ensino fundamental do Col\u00e9gio Anglo-CID realizaram, neste bimestre, a confec\u00e7\u00e3o de maquetes. O objetivo da aprendizagem foi retomar os conceitos de rua, avenida, quarteir\u00e3o e bairro, fazer a compara\u00e7\u00e3o das paisagens urbanas e rurais e ter a percep\u00e7\u00e3o de que as paisagens mudam ao longo do [&hellip;]<\/p>\n","protected":false},"author":1,"featured_media":74365,"comment_status":"closed","ping_status":"open","sticky":false,"template":"","format":"standard","meta":{"footnotes":""},"categories":[110,122],"tags":[],"class_list":["post-74364","post","type-post","status-publish","format-standard","has-post-thumbnail","hentry","category-noticiasdestaque","category-saudeeducacaoeconcurso"],"_links":{"self":[{"href":"https:\/\/jorgezanoni.com.br\/2019\/wp-json\/wp\/v2\/posts\/74364","targetHints":{"allow":["GET"]}}],"collection":[{"href":"https:\/\/jorgezanoni.com.br\/2019\/wp-json\/wp\/v2\/posts"}],"about":[{"href":"https:\/\/jorgezanoni.com.br\/2019\/wp-json\/wp\/v2\/types\/post"}],"author":[{"embeddable":true,"href":"https:\/\/jorgezanoni.com.br\/2019\/wp-json\/wp\/v2\/users\/1"}],"replies":[{"embeddable":true,"href":"https:\/\/jorgezanoni.com.br\/2019\/wp-json\/wp\/v2\/comments?post=74364"}],"version-history":[{"count":1,"href":"https:\/\/jorgezanoni.com.br\/2019\/wp-json\/wp\/v2\/posts\/74364\/revisions"}],"predecessor-version":[{"id":74367,"href":"https:\/\/jorgezanoni.com.br\/2019\/wp-json\/wp\/v2\/posts\/74364\/revisions\/74367"}],"wp:featuredmedia":[{"embeddable":true,"href":"https:\/\/jorgezanoni.com.br\/2019\/wp-json\/wp\/v2\/media\/74365"}],"wp:attachment":[{"href":"https:\/\/jorgezanoni.com.br\/2019\/wp-json\/wp\/v2\/media?parent=74364"}],"wp:term":[{"taxonomy":"category","embeddable":true,"href":"https:\/\/jorgezanoni.com.br\/2019\/wp-json\/wp\/v2\/categories?post=74364"},{"taxonomy":"post_tag","embeddable":true,"href":"https:\/\/jorgezanoni.com.br\/2019\/wp-json\/wp\/v2\/tags?post=74364"}],"curies":[{"name":"wp","href":"https:\/\/api.w.org\/{rel}","templated":true}]}}