{"id":74361,"date":"2023-03-24T18:14:38","date_gmt":"2023-03-24T18:14:38","guid":{"rendered":"https:\/\/jorgezanoni.com.br\/2019\/?p=74361"},"modified":"2023-03-24T18:15:59","modified_gmt":"2023-03-24T18:15:59","slug":"policia-militar-auxilia-familia-e-localiza-crianca-desaparecida","status":"publish","type":"post","link":"https:\/\/jorgezanoni.com.br\/2019\/policia-militar-auxilia-familia-e-localiza-crianca-desaparecida\/","title":{"rendered":"Pol\u00edcia Militar auxilia fam\u00edlia e localiza crian\u00e7a desaparecida"},"content":{"rendered":"<p><strong>A SAGA DO PEQUENO HENRI GABRIEL!<\/strong><\/p>\n<p style=\"text-align: justify;\">Na manh\u00e3 desta sexta-feira, 24, no munic\u00edpio de Osvaldo Cruz, foi transmitido via Copom o desaparecimento de uma crian\u00e7a de 03 anos, a qual sua genitora e familiares, moradores do Bairro Sotey Furuguem, estariam desesperados a procura do menino.<\/p>\n<p style=\"text-align: justify;\">Em posse das caracter\u00edsticas f\u00edsicas da crian\u00e7a, policiais militares se empenharam em dilig\u00eancias com vistas \u00e0 crian\u00e7a perdida, isto a fim de evitar um eventual mal maior devido a crian\u00e7a ser muito pequena.<\/p>\n<p style=\"text-align: justify;\">Durante o Patrulhamento pelo referido Bairro, militares se depararam com a m\u00e3e da crian\u00e7a, Sra Tais que em completo desespero informou aos policiais que teria deixado seu filho aos cuidados da irm\u00e3 enquanto ela estendia roupas, momento em que a crian\u00e7a teria sa\u00eddo da resid\u00eancia, n\u00e3o sendo mais encontrada, mesmo depois de intensa procura pelos Bairros vizinhos.<\/p>\n<p style=\"text-align: justify;\">De imediato equipes direcionadas pelo Sargento PM Silva, os Cabo PM Rezende, Cabo Patr\u00edcia e Soldado Teixeira, intensificaram o policiamento e minutos depois, obtiveram \u00eaxito na localiza\u00e7\u00e3o da crian\u00e7a pela Avenida Targino de Oliveira Lima, Centro, onde ap\u00f3s contato, m\u00e3e e familiares compareceram emocionados e agradecidos, n\u00e3o poupando elogios a Pol\u00edcia Militar de Osvaldo Cruz pelo encontro do pequeno Henri Gabriel que retornou em seguran\u00e7a para sua casa e aos bra\u00e7os da m\u00e3e.<\/p>\n<p style=\"text-align: justify;\">Fonte: Comunica\u00e7\u00e3o Social Pol\u00edcia Militar<\/p>\n","protected":false},"excerpt":{"rendered":"<p>A SAGA DO PEQUENO HENRI GABRIEL! Na manh\u00e3 desta sexta-feira, 24, no munic\u00edpio de Osvaldo Cruz, foi transmitido via Copom o desaparecimento de uma crian\u00e7a de 03 anos, a qual sua genitora e familiares, moradores do Bairro Sotey Furuguem, estariam desesperados a procura do menino. Em posse das caracter\u00edsticas f\u00edsicas da crian\u00e7a, policiais militares se [&hellip;]<\/p>\n","protected":false},"author":1,"featured_media":74362,"comment_status":"closed","ping_status":"open","sticky":false,"template":"","format":"standard","meta":{"footnotes":""},"categories":[110,2],"tags":[],"class_list":["post-74361","post","type-post","status-publish","format-standard","has-post-thumbnail","hentry","category-noticiasdestaque","category-policial"],"_links":{"self":[{"href":"https:\/\/jorgezanoni.com.br\/2019\/wp-json\/wp\/v2\/posts\/74361","targetHints":{"allow":["GET"]}}],"collection":[{"href":"https:\/\/jorgezanoni.com.br\/2019\/wp-json\/wp\/v2\/posts"}],"about":[{"href":"https:\/\/jorgezanoni.com.br\/2019\/wp-json\/wp\/v2\/types\/post"}],"author":[{"embeddable":true,"href":"https:\/\/jorgezanoni.com.br\/2019\/wp-json\/wp\/v2\/users\/1"}],"replies":[{"embeddable":true,"href":"https:\/\/jorgezanoni.com.br\/2019\/wp-json\/wp\/v2\/comments?post=74361"}],"version-history":[{"count":1,"href":"https:\/\/jorgezanoni.com.br\/2019\/wp-json\/wp\/v2\/posts\/74361\/revisions"}],"predecessor-version":[{"id":74363,"href":"https:\/\/jorgezanoni.com.br\/2019\/wp-json\/wp\/v2\/posts\/74361\/revisions\/74363"}],"wp:featuredmedia":[{"embeddable":true,"href":"https:\/\/jorgezanoni.com.br\/2019\/wp-json\/wp\/v2\/media\/74362"}],"wp:attachment":[{"href":"https:\/\/jorgezanoni.com.br\/2019\/wp-json\/wp\/v2\/media?parent=74361"}],"wp:term":[{"taxonomy":"category","embeddable":true,"href":"https:\/\/jorgezanoni.com.br\/2019\/wp-json\/wp\/v2\/categories?post=74361"},{"taxonomy":"post_tag","embeddable":true,"href":"https:\/\/jorgezanoni.com.br\/2019\/wp-json\/wp\/v2\/tags?post=74361"}],"curies":[{"name":"wp","href":"https:\/\/api.w.org\/{rel}","templated":true}]}}