{"id":74342,"date":"2023-03-24T00:04:50","date_gmt":"2023-03-24T00:04:50","guid":{"rendered":"https:\/\/jorgezanoni.com.br\/2019\/?p=74342"},"modified":"2023-03-24T00:04:50","modified_gmt":"2023-03-24T00:04:50","slug":"policia-civil-realiza-palestra-sobre-prevencao-ao-uso-de-drogas-para-reeducandos-em-tupi-paulista","status":"publish","type":"post","link":"https:\/\/jorgezanoni.com.br\/2019\/policia-civil-realiza-palestra-sobre-prevencao-ao-uso-de-drogas-para-reeducandos-em-tupi-paulista\/","title":{"rendered":"Pol\u00edcia Civil realiza Palestra sobre preven\u00e7\u00e3o ao uso de Drogas para reeducandos em Tupi Paulista"},"content":{"rendered":"<p style=\"text-align: justify;\"><strong>O evento, na Penitenci\u00e1ria Masculina de Tupi Paulista, fez parte da Semana da Jornada da Cidadania, Trabalho e Renda, que oferece diversos servi\u00e7os essenciais para a melhor reintegra\u00e7\u00e3o social do apenado, no retorno da vida em liberdade.<\/strong><\/p>\n<p style=\"text-align: justify;\">A Policia Civil, por interm\u00e9dio da Delegacia Seccional de Pol\u00edcia de Dracena, ministrou nesta quarta-feira (22), na Penitenci\u00e1ria \u201cVanderlei Tartari Monteiro\u201d de Tupi Paulista, palestra sobre preven\u00e7\u00e3o ao uso nocivo de drogas para cerca de 36 reeducandos que cumprem pena naquela unidade prisional. A a\u00e7\u00e3o integrou a Semana da Jornada da Cidadania, Trabalho e Renda, que oferece diversos servi\u00e7os essenciais para a melhor reintegra\u00e7\u00e3o social do apenado, no retorno da vida em liberdade.<br \/>\nA palestra foi ministrada pelo agente policial Reginaldo Rosa, que discorreu sobre a import\u00e2ncia do conhecimento e da conscientiza\u00e7\u00e3o quanto a preven\u00e7\u00e3o ao uso, mostrando ainda, os efeitos nocivos que os entorpecentes podem causar. Ressaltou tamb\u00e9m que o consumo de drogas l\u00edcitas ou il\u00edcitas pode causar um impacto negativo em diversos est\u00e1gios da vida de um indiv\u00edduo, comprometendo futuro, interrompendo sonho, destruindo conv\u00edvio familiar, e muitas vezes, a pr\u00f3pria vida.<br \/>\nAo final da palestra, o diretor da unidade prisional Agnaldo Aparecido Braga, parabenizou e agradeceu a Pol\u00edcia Civil pela parceria na realiza\u00e7\u00e3o do evento, e pela valorosa contribui\u00e7\u00e3o prestada juntos aos reeducandos, para que eles melhor dignifiquem o retorno a vida em liberdade, ap\u00f3s o t\u00e9rmino do cumprimento da pena.<\/p>\n<p style=\"text-align: justify;\">Fonte: Com. Social Pol\u00edcia Civil<\/p>\n","protected":false},"excerpt":{"rendered":"<p>O evento, na Penitenci\u00e1ria Masculina de Tupi Paulista, fez parte da Semana da Jornada da Cidadania, Trabalho e Renda, que oferece diversos servi\u00e7os essenciais para a melhor reintegra\u00e7\u00e3o social do apenado, no retorno da vida em liberdade. A Policia Civil, por interm\u00e9dio da Delegacia Seccional de Pol\u00edcia de Dracena, ministrou nesta quarta-feira (22), na Penitenci\u00e1ria [&hellip;]<\/p>\n","protected":false},"author":1,"featured_media":74343,"comment_status":"closed","ping_status":"open","sticky":false,"template":"","format":"standard","meta":{"footnotes":""},"categories":[110,2],"tags":[],"class_list":["post-74342","post","type-post","status-publish","format-standard","has-post-thumbnail","hentry","category-noticiasdestaque","category-policial"],"_links":{"self":[{"href":"https:\/\/jorgezanoni.com.br\/2019\/wp-json\/wp\/v2\/posts\/74342","targetHints":{"allow":["GET"]}}],"collection":[{"href":"https:\/\/jorgezanoni.com.br\/2019\/wp-json\/wp\/v2\/posts"}],"about":[{"href":"https:\/\/jorgezanoni.com.br\/2019\/wp-json\/wp\/v2\/types\/post"}],"author":[{"embeddable":true,"href":"https:\/\/jorgezanoni.com.br\/2019\/wp-json\/wp\/v2\/users\/1"}],"replies":[{"embeddable":true,"href":"https:\/\/jorgezanoni.com.br\/2019\/wp-json\/wp\/v2\/comments?post=74342"}],"version-history":[{"count":1,"href":"https:\/\/jorgezanoni.com.br\/2019\/wp-json\/wp\/v2\/posts\/74342\/revisions"}],"predecessor-version":[{"id":74344,"href":"https:\/\/jorgezanoni.com.br\/2019\/wp-json\/wp\/v2\/posts\/74342\/revisions\/74344"}],"wp:featuredmedia":[{"embeddable":true,"href":"https:\/\/jorgezanoni.com.br\/2019\/wp-json\/wp\/v2\/media\/74343"}],"wp:attachment":[{"href":"https:\/\/jorgezanoni.com.br\/2019\/wp-json\/wp\/v2\/media?parent=74342"}],"wp:term":[{"taxonomy":"category","embeddable":true,"href":"https:\/\/jorgezanoni.com.br\/2019\/wp-json\/wp\/v2\/categories?post=74342"},{"taxonomy":"post_tag","embeddable":true,"href":"https:\/\/jorgezanoni.com.br\/2019\/wp-json\/wp\/v2\/tags?post=74342"}],"curies":[{"name":"wp","href":"https:\/\/api.w.org\/{rel}","templated":true}]}}