{"id":74332,"date":"2023-03-23T11:04:14","date_gmt":"2023-03-23T11:04:14","guid":{"rendered":"https:\/\/jorgezanoni.com.br\/2019\/?p=74332"},"modified":"2023-03-23T18:37:09","modified_gmt":"2023-03-23T18:37:09","slug":"motos-batem-em-esquina-com-semaforo-no-centro-de-dracena","status":"publish","type":"post","link":"https:\/\/jorgezanoni.com.br\/2019\/motos-batem-em-esquina-com-semaforo-no-centro-de-dracena\/","title":{"rendered":"Motos batem em esquina com sem\u00e1foro no centro de Dracena"},"content":{"rendered":"<p style=\"text-align: justify;\"><strong>Um dos pilotos sofreu ferimentos, o outro disse que estava bem e n\u00e3o precisou ser socorrido.<\/strong><\/p>\n<p style=\"text-align: justify;\">Ontem (22) por volta de 19 H., foi registrado uma colis\u00e3o na esquina da Avenida Presidente Vargas com Rua Tiradentes no centro de Dracena.<\/p>\n<p style=\"text-align: justify;\">Segundo informa\u00e7\u00f5es obtidas no local pela reportagem do Site JZ e TOP TV, as duas motos faziam o sentido bairro-centro pela Avenida Presidente Vargas, sentido \u00fanico de dire\u00e7\u00e3o.<\/p>\n<p style=\"text-align: justify;\">Um dos condutores estava parado no bols\u00e3o para motos, em frente um ve\u00edculo na faixa da esquerda, sendo que o sinal abriu e outro motociclista descia pela faixa da direita. Segundo vers\u00e3o de um dos condutores que n\u00e3o se feriu, o motociclista da faixa da esquerda foi para a direita, acontecendo a batida.<\/p>\n<p style=\"text-align: justify;\">O motociclista que estava na faixa da esquerda teve ferimentos aparentemente leves, e foi socorrido por uma Unidade de Resgate do Corpo de Bombeiros at\u00e9 o Pronto Atendimento Municipal.<\/p>\n<p style=\"text-align: justify;\">A Pol\u00edcia Militar registrou o B.O e controlou o tr\u00e2nsito que ficou prejudicado e a Pol\u00edcia T\u00e9cnica fez os levantamentos e ir\u00e1 apurar as causas do acidente.<\/p>\n<p style=\"text-align: justify;\">Jorge Zanoni<\/p>\n<p>&nbsp;<\/p>\n","protected":false},"excerpt":{"rendered":"<p>Um dos pilotos sofreu ferimentos, o outro disse que estava bem e n\u00e3o precisou ser socorrido. Ontem (22) por volta de 19 H., foi registrado uma colis\u00e3o na esquina da Avenida Presidente Vargas com Rua Tiradentes no centro de Dracena. Segundo informa\u00e7\u00f5es obtidas no local pela reportagem do Site JZ e TOP TV, as duas [&hellip;]<\/p>\n","protected":false},"author":1,"featured_media":74334,"comment_status":"closed","ping_status":"open","sticky":false,"template":"","format":"standard","meta":{"footnotes":""},"categories":[170,110],"tags":[],"class_list":["post-74332","post","type-post","status-publish","format-standard","has-post-thumbnail","hentry","category-acidentes","category-noticiasdestaque"],"_links":{"self":[{"href":"https:\/\/jorgezanoni.com.br\/2019\/wp-json\/wp\/v2\/posts\/74332","targetHints":{"allow":["GET"]}}],"collection":[{"href":"https:\/\/jorgezanoni.com.br\/2019\/wp-json\/wp\/v2\/posts"}],"about":[{"href":"https:\/\/jorgezanoni.com.br\/2019\/wp-json\/wp\/v2\/types\/post"}],"author":[{"embeddable":true,"href":"https:\/\/jorgezanoni.com.br\/2019\/wp-json\/wp\/v2\/users\/1"}],"replies":[{"embeddable":true,"href":"https:\/\/jorgezanoni.com.br\/2019\/wp-json\/wp\/v2\/comments?post=74332"}],"version-history":[{"count":2,"href":"https:\/\/jorgezanoni.com.br\/2019\/wp-json\/wp\/v2\/posts\/74332\/revisions"}],"predecessor-version":[{"id":74336,"href":"https:\/\/jorgezanoni.com.br\/2019\/wp-json\/wp\/v2\/posts\/74332\/revisions\/74336"}],"wp:featuredmedia":[{"embeddable":true,"href":"https:\/\/jorgezanoni.com.br\/2019\/wp-json\/wp\/v2\/media\/74334"}],"wp:attachment":[{"href":"https:\/\/jorgezanoni.com.br\/2019\/wp-json\/wp\/v2\/media?parent=74332"}],"wp:term":[{"taxonomy":"category","embeddable":true,"href":"https:\/\/jorgezanoni.com.br\/2019\/wp-json\/wp\/v2\/categories?post=74332"},{"taxonomy":"post_tag","embeddable":true,"href":"https:\/\/jorgezanoni.com.br\/2019\/wp-json\/wp\/v2\/tags?post=74332"}],"curies":[{"name":"wp","href":"https:\/\/api.w.org\/{rel}","templated":true}]}}