{"id":74319,"date":"2023-03-22T15:23:32","date_gmt":"2023-03-22T15:23:32","guid":{"rendered":"https:\/\/jorgezanoni.com.br\/2019\/?p=74319"},"modified":"2023-03-22T15:27:16","modified_gmt":"2023-03-22T15:27:16","slug":"morre-o-ex-dracenense-olivio-frangioti-filho","status":"publish","type":"post","link":"https:\/\/jorgezanoni.com.br\/2019\/morre-o-ex-dracenense-olivio-frangioti-filho\/","title":{"rendered":"Morre o ex-dracenense Olivio Frangioti Filho"},"content":{"rendered":"<p style=\"text-align: justify;\">Comunicamos com pesar o falecimento de Olivio Frangioti Filho de 71 anos, ocorrido na noite de ontem em S\u00e3o Paulo, onde residia atualmente.<\/p>\n<p style=\"text-align: justify;\">Trabalhou por muitos anos na ag\u00eancia de ve\u00edculos Volkswagem em Dracena.<\/p>\n<p style=\"text-align: justify;\">Deixa a esposa, quatro filhos, genros, noras, netos, demais familiares e amigos.<\/p>\n<p><img loading=\"lazy\" decoding=\"async\" class=\"alignnone size-full wp-image-74320\" src=\"https:\/\/jorgezanoni.com.br\/2019\/wp-content\/uploads\/2023\/03\/z-olivio.jpg\" alt=\"\" width=\"750\" height=\"1334\" srcset=\"https:\/\/jorgezanoni.com.br\/2019\/wp-content\/uploads\/2023\/03\/z-olivio.jpg 750w, https:\/\/jorgezanoni.com.br\/2019\/wp-content\/uploads\/2023\/03\/z-olivio-169x300.jpg 169w, https:\/\/jorgezanoni.com.br\/2019\/wp-content\/uploads\/2023\/03\/z-olivio-576x1024.jpg 576w, https:\/\/jorgezanoni.com.br\/2019\/wp-content\/uploads\/2023\/03\/z-olivio-696x1238.jpg 696w, https:\/\/jorgezanoni.com.br\/2019\/wp-content\/uploads\/2023\/03\/z-olivio-236x420.jpg 236w\" sizes=\"auto, (max-width: 750px) 100vw, 750px\" \/><\/p>\n<p>O Site JZ se solidariza com a fam\u00edlia neste dif\u00edcil momento.<\/p>\n<p>Jorge Zanoni<\/p>\n<p>&nbsp;<\/p>\n<p>&nbsp;<\/p>\n<p>&nbsp;<\/p>\n<p>&nbsp;<\/p>\n","protected":false},"excerpt":{"rendered":"<p>Comunicamos com pesar o falecimento de Olivio Frangioti Filho de 71 anos, ocorrido na noite de ontem em S\u00e3o Paulo, onde residia atualmente. Trabalhou por muitos anos na ag\u00eancia de ve\u00edculos Volkswagem em Dracena. Deixa a esposa, quatro filhos, genros, noras, netos, demais familiares e amigos. O Site JZ se solidariza com a fam\u00edlia neste [&hellip;]<\/p>\n","protected":false},"author":1,"featured_media":74321,"comment_status":"closed","ping_status":"open","sticky":false,"template":"","format":"standard","meta":{"footnotes":""},"categories":[178,110],"tags":[],"class_list":["post-74319","post","type-post","status-publish","format-standard","has-post-thumbnail","hentry","category-notadefalecimento","category-noticiasdestaque"],"_links":{"self":[{"href":"https:\/\/jorgezanoni.com.br\/2019\/wp-json\/wp\/v2\/posts\/74319","targetHints":{"allow":["GET"]}}],"collection":[{"href":"https:\/\/jorgezanoni.com.br\/2019\/wp-json\/wp\/v2\/posts"}],"about":[{"href":"https:\/\/jorgezanoni.com.br\/2019\/wp-json\/wp\/v2\/types\/post"}],"author":[{"embeddable":true,"href":"https:\/\/jorgezanoni.com.br\/2019\/wp-json\/wp\/v2\/users\/1"}],"replies":[{"embeddable":true,"href":"https:\/\/jorgezanoni.com.br\/2019\/wp-json\/wp\/v2\/comments?post=74319"}],"version-history":[{"count":2,"href":"https:\/\/jorgezanoni.com.br\/2019\/wp-json\/wp\/v2\/posts\/74319\/revisions"}],"predecessor-version":[{"id":74323,"href":"https:\/\/jorgezanoni.com.br\/2019\/wp-json\/wp\/v2\/posts\/74319\/revisions\/74323"}],"wp:featuredmedia":[{"embeddable":true,"href":"https:\/\/jorgezanoni.com.br\/2019\/wp-json\/wp\/v2\/media\/74321"}],"wp:attachment":[{"href":"https:\/\/jorgezanoni.com.br\/2019\/wp-json\/wp\/v2\/media?parent=74319"}],"wp:term":[{"taxonomy":"category","embeddable":true,"href":"https:\/\/jorgezanoni.com.br\/2019\/wp-json\/wp\/v2\/categories?post=74319"},{"taxonomy":"post_tag","embeddable":true,"href":"https:\/\/jorgezanoni.com.br\/2019\/wp-json\/wp\/v2\/tags?post=74319"}],"curies":[{"name":"wp","href":"https:\/\/api.w.org\/{rel}","templated":true}]}}