{"id":74300,"date":"2023-03-21T23:27:45","date_gmt":"2023-03-21T23:27:45","guid":{"rendered":"https:\/\/jorgezanoni.com.br\/2019\/?p=74300"},"modified":"2023-03-21T23:27:45","modified_gmt":"2023-03-21T23:27:45","slug":"conselho-regional-de-farmacia-realiza-reuniao-regionalizada-em-dracena","status":"publish","type":"post","link":"https:\/\/jorgezanoni.com.br\/2019\/conselho-regional-de-farmacia-realiza-reuniao-regionalizada-em-dracena\/","title":{"rendered":"Conselho Regional de Farm\u00e1cia realiza reuni\u00e3o regionalizada em Dracena"},"content":{"rendered":"<p style=\"text-align: justify;\">Todos os Farmac\u00eauticos de Dracena e regi\u00e3o, est\u00e3o convidados para compartilhar do conhecimento atrav\u00e9s de Palestra que ser\u00e1 proferida sexta-feira (24\/03) a\u00a0 partir das 19:00 Horas no Primum Palace Hotel.<\/p>\n<p style=\"text-align: justify;\">O tema ser\u00e1: &#8220;Farm\u00e1cia &#8211; tend\u00eancias futuras&#8221; com o palestrante Dr. Marco Aur\u00e9lio Poe Santana, Farmac\u00eautico especializado em farmacologia e Farm\u00e1cia Cl\u00ednica.<\/p>\n<p style=\"text-align: justify;\">Logo ap\u00f3s a reuni\u00e3o, haver\u00e1 uma confraterniza\u00e7\u00e3o entre os presentes.<\/p>\n<p style=\"text-align: justify;\">Os organizadores pedem que todos fa\u00e7am suas inscri\u00e7\u00f5es e reservem esta importante data para participar e aproximar mais do Conselho Regional de Farm\u00e1cia. &#8220;Com certeza nossa voz vai fazer muita diferen\u00e7a&#8221;, diz um dos organizadores.<\/p>\n<p style=\"text-align: justify;\">No s\u00e1bado (25\/03), haver\u00e1 uma Reuni\u00e3o Regionalizada do Grup A para os delegados, com objetivo de ser debatido pontos espec\u00edficos desta regi\u00e3o, da realidade, e outros assuntos pertinentes a \u00e1rea farmac\u00eautica que se julgarem importantes.<\/p>\n<p style=\"text-align: justify;\">Caso voc\u00ea tenha algum tema a ser debatido nesta Reuni\u00e3o dos Delegados do dia 25\/03\/2023, por favor, enviar para Leandro Ruela, Delegado Regional, para ser inclu\u00eddo na pauta.<\/p>\n<p style=\"text-align: justify;\">FA\u00c7AM SUAS INSCRI\u00c7\u00d5ES NO LINK:\u00a0https:\/\/ecat.crfsp.org.br\/<\/p>\n","protected":false},"excerpt":{"rendered":"<p>Todos os Farmac\u00eauticos de Dracena e regi\u00e3o, est\u00e3o convidados para compartilhar do conhecimento atrav\u00e9s de Palestra que ser\u00e1 proferida sexta-feira (24\/03) a\u00a0 partir das 19:00 Horas no Primum Palace Hotel. O tema ser\u00e1: &#8220;Farm\u00e1cia &#8211; tend\u00eancias futuras&#8221; com o palestrante Dr. Marco Aur\u00e9lio Poe Santana, Farmac\u00eautico especializado em farmacologia e Farm\u00e1cia Cl\u00ednica. Logo ap\u00f3s a [&hellip;]<\/p>\n","protected":false},"author":1,"featured_media":74301,"comment_status":"closed","ping_status":"open","sticky":false,"template":"","format":"standard","meta":{"footnotes":""},"categories":[110,122],"tags":[],"class_list":["post-74300","post","type-post","status-publish","format-standard","has-post-thumbnail","hentry","category-noticiasdestaque","category-saudeeducacaoeconcurso"],"_links":{"self":[{"href":"https:\/\/jorgezanoni.com.br\/2019\/wp-json\/wp\/v2\/posts\/74300","targetHints":{"allow":["GET"]}}],"collection":[{"href":"https:\/\/jorgezanoni.com.br\/2019\/wp-json\/wp\/v2\/posts"}],"about":[{"href":"https:\/\/jorgezanoni.com.br\/2019\/wp-json\/wp\/v2\/types\/post"}],"author":[{"embeddable":true,"href":"https:\/\/jorgezanoni.com.br\/2019\/wp-json\/wp\/v2\/users\/1"}],"replies":[{"embeddable":true,"href":"https:\/\/jorgezanoni.com.br\/2019\/wp-json\/wp\/v2\/comments?post=74300"}],"version-history":[{"count":1,"href":"https:\/\/jorgezanoni.com.br\/2019\/wp-json\/wp\/v2\/posts\/74300\/revisions"}],"predecessor-version":[{"id":74302,"href":"https:\/\/jorgezanoni.com.br\/2019\/wp-json\/wp\/v2\/posts\/74300\/revisions\/74302"}],"wp:featuredmedia":[{"embeddable":true,"href":"https:\/\/jorgezanoni.com.br\/2019\/wp-json\/wp\/v2\/media\/74301"}],"wp:attachment":[{"href":"https:\/\/jorgezanoni.com.br\/2019\/wp-json\/wp\/v2\/media?parent=74300"}],"wp:term":[{"taxonomy":"category","embeddable":true,"href":"https:\/\/jorgezanoni.com.br\/2019\/wp-json\/wp\/v2\/categories?post=74300"},{"taxonomy":"post_tag","embeddable":true,"href":"https:\/\/jorgezanoni.com.br\/2019\/wp-json\/wp\/v2\/tags?post=74300"}],"curies":[{"name":"wp","href":"https:\/\/api.w.org\/{rel}","templated":true}]}}