{"id":74290,"date":"2023-03-21T17:11:42","date_gmt":"2023-03-21T17:11:42","guid":{"rendered":"https:\/\/jorgezanoni.com.br\/2019\/?p=74290"},"modified":"2023-03-21T17:11:42","modified_gmt":"2023-03-21T17:11:42","slug":"fera-em-acao-metodologias-ativas-em-salas-de-aula-do-anglo-cid","status":"publish","type":"post","link":"https:\/\/jorgezanoni.com.br\/2019\/fera-em-acao-metodologias-ativas-em-salas-de-aula-do-anglo-cid\/","title":{"rendered":"Fera em A\u00e7\u00e3o: metodologias ativas em salas de aula do Anglo-CID"},"content":{"rendered":"<p dir=\"ltr\" style=\"text-align: justify;\"><strong>O projeto apresenta um novo formato para o ensino-aprendizagem e mant\u00e9m como base o conte\u00fado das apostilas do Sistema Anglo de Ensino.<\/strong><\/p>\n<p dir=\"ltr\" style=\"text-align: justify;\">Aprender com ambientes multidisciplinares e poder ver as mat\u00e9rias da apostila sendo exemplificadas na pr\u00e1tica \u00e9 um dos grandes diferenciais do Anglo-CID.<\/p>\n<p dir=\"ltr\" style=\"text-align: justify;\">Utilizando metodologias ativas, o Projeto &#8220;Fera em A\u00e7\u00e3o&#8221; come\u00e7ou a ser desenvolvido no ano de 2022, nos 6\u00ba e 7\u00ba anos. Em 2023, o col\u00e9gio expandiu o projeto para todas as s\u00e9ries do Ensino Fundamental II.<br \/>\nCom aulas atrativas, o Fera em A\u00e7\u00e3o conta com 11 professores do Anglo-CID das mais diversas \u00e1reas, que entram em pares, trios ou grupos para orientar os alunos nas atividades multidisciplinares. &#8220;Em uma mesma aula, o aluno &#8211; que \u00e9 o protagonista do processo &#8211; aprende que os conte\u00fados est\u00e3o interligados a v\u00e1rias \u00e1reas do conhecimento&#8221;, explicou a vice-diretora Amanda Matreiro.<\/p>\n<p dir=\"ltr\" style=\"text-align: justify;\">Semanalmente, o conte\u00fado das apostilas se transforma em aulas pr\u00e1ticas, com jogos, debates, aula invertida, atividades maker, storytelling,\u00a0 gamifica\u00e7\u00e3o, aprendizagem por problemas, rota\u00e7\u00e3o por esta\u00e7\u00f5es, pesquisa de campo, entre outros. &#8220;Todo mundo tem pouco tempo de concentra\u00e7\u00e3o quando est\u00e1 ouvindo, por mais interessante que possa parecer o assunto. Mas quando o aluno v\u00ea a aplica\u00e7\u00e3o dos conceitos, a aula fica interessante&#8221;, completou a vice-diretora Amanda Matreiro.<\/p>\n<p dir=\"ltr\" style=\"text-align: justify;\">O projeto tem sido sucesso na escola e garante uma aprendizagem significativa e divertida.<br \/>\nEul\u00e1lia Pires Fava, diretora do Anglo-CID, acrescenta que este projeto inovador est\u00e1 movimentando todo o ambiente escolar e despertando um novo sentido para a aprendizagem significativa dos alunos. &#8220;Tem sido muito gratificante ouvir os relatos de professores e alunos, pois muitas novidades est\u00e3o sendo trazidas para dentro da sala de aula. Os professores trabalham em duplas nessas aulas e fazem uma parceria pedag\u00f3gica interessante entre as diferentes disciplinas. O uso de tecnologias e de nossos laborat\u00f3rios modernos t\u00eam agregado cada vez mais \u00e0s aulas&#8221;, completou a diretora.<\/p>\n<p dir=\"ltr\" style=\"text-align: justify;\">Equipe de professores respons\u00e1veis pelas aulas do Fera em A\u00e7\u00e3o:\u00a0 Amanda Matreiro, Bianca Dami\u00e3o, Cristhiane Flora, Fl\u00e1via Barros, Jeisson Ferrari, K\u00e1tia Priscila, Lucas Citolino, Marcela Alexandra, Nathalia Franscine, Ricardo Fortes e Tiago Breve.<\/p>\n<p dir=\"ltr\"><img loading=\"lazy\" decoding=\"async\" class=\"alignnone size-full wp-image-74291\" src=\"https:\/\/jorgezanoni.com.br\/2019\/wp-content\/uploads\/2023\/03\/anglo-Pequeno.jpeg\" alt=\"\" width=\"640\" height=\"480\" srcset=\"https:\/\/jorgezanoni.com.br\/2019\/wp-content\/uploads\/2023\/03\/anglo-Pequeno.jpeg 640w, https:\/\/jorgezanoni.com.br\/2019\/wp-content\/uploads\/2023\/03\/anglo-Pequeno-300x225.jpeg 300w, https:\/\/jorgezanoni.com.br\/2019\/wp-content\/uploads\/2023\/03\/anglo-Pequeno-80x60.jpeg 80w, https:\/\/jorgezanoni.com.br\/2019\/wp-content\/uploads\/2023\/03\/anglo-Pequeno-265x198.jpeg 265w, https:\/\/jorgezanoni.com.br\/2019\/wp-content\/uploads\/2023\/03\/anglo-Pequeno-560x420.jpeg 560w\" sizes=\"auto, (max-width: 640px) 100vw, 640px\" \/> <img loading=\"lazy\" decoding=\"async\" class=\"alignnone size-full wp-image-74292\" src=\"https:\/\/jorgezanoni.com.br\/2019\/wp-content\/uploads\/2023\/03\/anglo1-Pequeno.jpeg\" alt=\"\" width=\"853\" height=\"480\" srcset=\"https:\/\/jorgezanoni.com.br\/2019\/wp-content\/uploads\/2023\/03\/anglo1-Pequeno.jpeg 853w, https:\/\/jorgezanoni.com.br\/2019\/wp-content\/uploads\/2023\/03\/anglo1-Pequeno-300x169.jpeg 300w, https:\/\/jorgezanoni.com.br\/2019\/wp-content\/uploads\/2023\/03\/anglo1-Pequeno-768x432.jpeg 768w, https:\/\/jorgezanoni.com.br\/2019\/wp-content\/uploads\/2023\/03\/anglo1-Pequeno-696x392.jpeg 696w, https:\/\/jorgezanoni.com.br\/2019\/wp-content\/uploads\/2023\/03\/anglo1-Pequeno-746x420.jpeg 746w\" sizes=\"auto, (max-width: 853px) 100vw, 853px\" \/> <img loading=\"lazy\" decoding=\"async\" class=\"alignnone size-full wp-image-74293\" src=\"https:\/\/jorgezanoni.com.br\/2019\/wp-content\/uploads\/2023\/03\/anglo2-Pequeno.jpeg\" alt=\"\" width=\"640\" height=\"480\" srcset=\"https:\/\/jorgezanoni.com.br\/2019\/wp-content\/uploads\/2023\/03\/anglo2-Pequeno.jpeg 640w, https:\/\/jorgezanoni.com.br\/2019\/wp-content\/uploads\/2023\/03\/anglo2-Pequeno-300x225.jpeg 300w, https:\/\/jorgezanoni.com.br\/2019\/wp-content\/uploads\/2023\/03\/anglo2-Pequeno-80x60.jpeg 80w, https:\/\/jorgezanoni.com.br\/2019\/wp-content\/uploads\/2023\/03\/anglo2-Pequeno-265x198.jpeg 265w, https:\/\/jorgezanoni.com.br\/2019\/wp-content\/uploads\/2023\/03\/anglo2-Pequeno-560x420.jpeg 560w\" sizes=\"auto, (max-width: 640px) 100vw, 640px\" \/> <img loading=\"lazy\" decoding=\"async\" class=\"alignnone size-full wp-image-74294\" src=\"https:\/\/jorgezanoni.com.br\/2019\/wp-content\/uploads\/2023\/03\/anglo3-Pequeno.jpeg\" alt=\"\" width=\"854\" height=\"384\" srcset=\"https:\/\/jorgezanoni.com.br\/2019\/wp-content\/uploads\/2023\/03\/anglo3-Pequeno.jpeg 854w, https:\/\/jorgezanoni.com.br\/2019\/wp-content\/uploads\/2023\/03\/anglo3-Pequeno-300x135.jpeg 300w, https:\/\/jorgezanoni.com.br\/2019\/wp-content\/uploads\/2023\/03\/anglo3-Pequeno-768x345.jpeg 768w, https:\/\/jorgezanoni.com.br\/2019\/wp-content\/uploads\/2023\/03\/anglo3-Pequeno-696x313.jpeg 696w\" sizes=\"auto, (max-width: 854px) 100vw, 854px\" \/><\/p>\n<p dir=\"ltr\">Fonte: Depto. de Comunica\u00e7\u00e3o da Fundec<\/p>\n","protected":false},"excerpt":{"rendered":"<p>O projeto apresenta um novo formato para o ensino-aprendizagem e mant\u00e9m como base o conte\u00fado das apostilas do Sistema Anglo de Ensino. Aprender com ambientes multidisciplinares e poder ver as mat\u00e9rias da apostila sendo exemplificadas na pr\u00e1tica \u00e9 um dos grandes diferenciais do Anglo-CID. Utilizando metodologias ativas, o Projeto &#8220;Fera em A\u00e7\u00e3o&#8221; come\u00e7ou a ser [&hellip;]<\/p>\n","protected":false},"author":1,"featured_media":74291,"comment_status":"closed","ping_status":"open","sticky":false,"template":"","format":"standard","meta":{"footnotes":""},"categories":[110,122],"tags":[],"class_list":["post-74290","post","type-post","status-publish","format-standard","has-post-thumbnail","hentry","category-noticiasdestaque","category-saudeeducacaoeconcurso"],"_links":{"self":[{"href":"https:\/\/jorgezanoni.com.br\/2019\/wp-json\/wp\/v2\/posts\/74290","targetHints":{"allow":["GET"]}}],"collection":[{"href":"https:\/\/jorgezanoni.com.br\/2019\/wp-json\/wp\/v2\/posts"}],"about":[{"href":"https:\/\/jorgezanoni.com.br\/2019\/wp-json\/wp\/v2\/types\/post"}],"author":[{"embeddable":true,"href":"https:\/\/jorgezanoni.com.br\/2019\/wp-json\/wp\/v2\/users\/1"}],"replies":[{"embeddable":true,"href":"https:\/\/jorgezanoni.com.br\/2019\/wp-json\/wp\/v2\/comments?post=74290"}],"version-history":[{"count":1,"href":"https:\/\/jorgezanoni.com.br\/2019\/wp-json\/wp\/v2\/posts\/74290\/revisions"}],"predecessor-version":[{"id":74296,"href":"https:\/\/jorgezanoni.com.br\/2019\/wp-json\/wp\/v2\/posts\/74290\/revisions\/74296"}],"wp:featuredmedia":[{"embeddable":true,"href":"https:\/\/jorgezanoni.com.br\/2019\/wp-json\/wp\/v2\/media\/74291"}],"wp:attachment":[{"href":"https:\/\/jorgezanoni.com.br\/2019\/wp-json\/wp\/v2\/media?parent=74290"}],"wp:term":[{"taxonomy":"category","embeddable":true,"href":"https:\/\/jorgezanoni.com.br\/2019\/wp-json\/wp\/v2\/categories?post=74290"},{"taxonomy":"post_tag","embeddable":true,"href":"https:\/\/jorgezanoni.com.br\/2019\/wp-json\/wp\/v2\/tags?post=74290"}],"curies":[{"name":"wp","href":"https:\/\/api.w.org\/{rel}","templated":true}]}}