{"id":74218,"date":"2023-03-19T17:32:02","date_gmt":"2023-03-19T17:32:02","guid":{"rendered":"https:\/\/jorgezanoni.com.br\/2019\/?p=74218"},"modified":"2023-03-19T17:55:45","modified_gmt":"2023-03-19T17:55:45","slug":"comunidade-catolica-comemora-hoje-o-dia-de-sao-jose","status":"publish","type":"post","link":"https:\/\/jorgezanoni.com.br\/2019\/comunidade-catolica-comemora-hoje-o-dia-de-sao-jose\/","title":{"rendered":"Comunidade Cat\u00f3lica comemora hoje o Dia de S\u00e3o Jos\u00e9"},"content":{"rendered":"<p style=\"text-align: justify;\">O\u00a0<strong>Dia de S\u00e3o Jos\u00e9<\/strong>\u00a0\u00e9 comemorado anualmente em\u00a0<strong>19 de mar\u00e7o<\/strong>.<\/p>\n<p style=\"text-align: justify;\">Esta \u00e9 uma data religiosa que celebra a figura do &#8220;pai terreno&#8221; de Jesus Cristo e esposo de Maria, m\u00e3e de Cristo.\u00a0S\u00e3o Jos\u00e9, \u00e9 um dos santos mais venerados pela Igreja Cat\u00f3lica em todo o mundo.<\/p>\n<p style=\"text-align: justify;\">S\u00e3o Jos\u00e9 \u00e9 conhecido tamb\u00e9m como Jos\u00e9 de Nazar\u00e9, Jos\u00e9, o Carpinteiro e S\u00e3o Jos\u00e9 Oper\u00e1rio, por causa da sua profiss\u00e3o, informa\u00e7\u00e3o que podemos obter na B\u00edblia. Por esse motivo, no feriado do Dia do Trabalho &#8211; 1\u00ba de maio, \u00e9 celebrado o Dia de S\u00e3o Jos\u00e9 Oper\u00e1rio.<\/p>\n<p style=\"text-align: justify;\">S\u00e3o Jos\u00e9 \u00e9 considerado o padroeiro dos trabalhadores e das fam\u00edlias, al\u00e9m de Patrono Universal da Igreja Cat\u00f3lica. Em Portugal, o Dia dos Pais \u00e9 celebrado no dia de S\u00e3o Jos\u00e9.<\/p>\n<p style=\"text-align: justify;\"><img loading=\"lazy\" decoding=\"async\" src=\"https:\/\/s.calendarr.com\/upload\/datas\/sa\/oj\/sao-jose-com-o-menino-nos-bracos.jpg?auto_optimize=low&amp;width=640\" alt=\"S\u00e3o Jos\u00e9 segurando o Menino Jesus no colo\" width=\"655\" height=\"351\" \/><\/p>\n<h2 style=\"text-align: justify;\">19 de mar\u00e7o \u2013 feriado<\/h2>\n<p style=\"text-align: justify;\">O dia 19 de mar\u00e7o, Dia de S\u00e3o Jos\u00e9, \u00e9 feriado estadual no Amap\u00e1, pela Lei n\u00ba 667 de 16\/04\/2002. O santo tamb\u00e9m \u00e9 padroeiro do Cear\u00e1 e as leis de alguns munic\u00edpios declaram a data feriado, como \u00e9 o caso de Fortaleza com a Lei n\u00ba \u00a0lei 8.796 de 09\/12\/2003.<\/p>\n<p style=\"text-align: justify;\">Outras cidades brasileiras que apresentam S\u00e3o Jos\u00e9 como padroeiro e declaram o dia 19 de mar\u00e7o feriado s\u00e3o:<\/p>\n<ul style=\"text-align: justify;\">\n<li>S\u00e3o Jos\u00e9 dos Pinhais \u2013 Paran\u00e1: Lei n\u00ba 1, de 19 de abril de 1951.<\/li>\n<li>S\u00e3o Jos\u00e9 \u2013 Santa Catarina: Lei n\u00ba 2302, de 28 de agosto de 1991.<\/li>\n<li>S\u00e3o Jos\u00e9 das Miss\u00f5es \u2013 Rio Grande do Sul: \u00a0Lei n\u00ba 44, de 25 de novembro de 1993.<\/li>\n<li>S\u00e3o Jos\u00e9 dos Campos \u2013 S\u00e3o Paulo: Lei 2.096, de 30 de novembro de 2012.<\/li>\n<\/ul>\n<h2 style=\"text-align: justify;\">Hist\u00f3ria de S\u00e3o Jos\u00e9<\/h2>\n<p style=\"text-align: justify;\">De acordo com a B\u00edblia, Jos\u00e9 era noivo de Maria, e por ser\u00a0um homem justo foi escolhido para ser o pai terreno de Jesus.<\/p>\n<p style=\"text-align: justify;\">Para tanto, um anjo apareceu em sonhos para que ele n\u00e3o rejeitasse Maria, uma vez que ela apareceria gr\u00e1vida apesar de n\u00e3o ter tido rela\u00e7\u00f5es com Jos\u00e9. O filho de Maria era Jesus, o Filho de Deus.<\/p>\n<p style=\"text-align: justify;\">Quando Jesus estava perto de nascer, Jos\u00e9 e Maria tiveram que viajar para Bel\u00e9m a fim de fazerem o recenseamento, conforme tinha sido obrigado pelo governo romano.<\/p>\n<p style=\"text-align: justify;\">Os locais para dormir estavam cheios e Jos\u00e9 teve que passar a noite numa gruta com Maria, onde nasceu Jesus.<\/p>\n<p style=\"text-align: justify;\">Ainda de acordo com a B\u00edblia, Jos\u00e9 esteve presente na cria\u00e7\u00e3o de Jesus e sustentou sua fam\u00edlia com o seu trabalho de carpinteiro.<\/p>\n<h2 style=\"text-align: justify;\">Simpatia de S\u00e3o Jos\u00e9<\/h2>\n<p style=\"text-align: justify;\">Na tradi\u00e7\u00e3o popular brasileira, no Dia de S\u00e3o Jos\u00e9 \u00e9 comum fazer a\u00a0<strong>\u201csimpatia das frutas\u201d<\/strong>, o que tem como intuito conquistar um objetivo muito almejado. Normalmente, esta simpatia \u00e9 feita pelas pessoas que desejam arranjar um bom casamento.<\/p>\n<p style=\"text-align: justify;\">O ritual consiste em escrever o nome de v\u00e1rias frutas que voc\u00ea conhece (e costuma consumir) em peda\u00e7os de papel, colocar tudo numa caixa e sortear um.<\/p>\n<p style=\"text-align: justify;\">A fruta que for sorteada n\u00e3o dever\u00e1 ser consumida pela pessoa durante um ano, como forma de penit\u00eancia e promessa para S\u00e3o Jos\u00e9 interceder no desejo feito pelo fiel.<\/p>\n<p style=\"text-align: justify;\">N\u00e3o \u00e9 permitido consumir nenhum alimento que contenha a fruta sorteada.<\/p>\n<p style=\"text-align: justify;\">Logo a seguir, de acordo com a tradi\u00e7\u00e3o, aconselha-se que o fiel fa\u00e7a uma ora\u00e7\u00e3o a\u00a0S\u00e3o Jos\u00e9, como forma de agradecimento.<\/p>\n<h2 style=\"text-align: justify;\">Ora\u00e7\u00e3o de S\u00e3o Jos\u00e9<\/h2>\n<p style=\"text-align: justify;\"><em>&#8220;A v\u00f3s, S\u00e3o Jos\u00e9, recorremos na nossa tribula\u00e7\u00e3o, cheios de confian\u00e7a solicitamos a vossa prote\u00e7\u00e3o no dia de hoje para todos os pais de fam\u00edlia.<\/em><\/p>\n<p style=\"text-align: justify;\"><em>V\u00f3s fostes o pai adotivo de Jesus, soubestes am\u00e1-Lo, respeit\u00e1-Lo e educ\u00e1-Lo com amor e dedica\u00e7\u00e3o, como vosso pr\u00f3prio filho.<\/em><\/p>\n<p style=\"text-align: justify;\"><em>Olhai todos os pais do mundo e especialmente os da nossa comunidade, para que, com amor e dedica\u00e7\u00e3o, eduquem os seus filhos na f\u00e9 crist\u00e3 e para a vida.<\/em><\/p>\n<p style=\"text-align: justify;\"><em>Protegei todos os pais doentes que sofrem por n\u00e3o poderem dar sa\u00fade, educa\u00e7\u00e3o e casa decente para seus filhos.<\/em><\/p>\n<p style=\"text-align: justify;\"><em>Protegei todos os pais que trabalham arduamente no dia a dia para n\u00e3o faltar nada aos seus filhos.<\/em><\/p>\n<p style=\"text-align: justify;\"><em>Protegei todos os pais que se dedicam de corpo e alma \u00e0 sua fam\u00edlia.<\/em><\/p>\n<p style=\"text-align: justify;\"><em>Iluminai todos os pais que n\u00e3o querem assumir sua paternidade.<\/em><\/p>\n<p style=\"text-align: justify;\"><em>Iluminai todos os pais que desprezam seus filhos e esposas.<\/em><\/p>\n<p style=\"text-align: justify;\"><em>Enfim, olhai por todos os pais, para que assumam e vivam com alegria sua voca\u00e7\u00e3o paterna. \u00c1men&#8221;.<\/em><\/p>\n<p style=\"text-align: justify;\"><em>S\u00e3o Jos\u00e9, rogai por n\u00f3s!<\/em><\/p>\n<p>Fonte: https:\/\/www.calendarr.com\/brasil\/dia-de-sao-jose\/<\/p>\n<p>&nbsp;<\/p>\n","protected":false},"excerpt":{"rendered":"<p>O\u00a0Dia de S\u00e3o Jos\u00e9\u00a0\u00e9 comemorado anualmente em\u00a019 de mar\u00e7o. Esta \u00e9 uma data religiosa que celebra a figura do &#8220;pai terreno&#8221; de Jesus Cristo e esposo de Maria, m\u00e3e de Cristo.\u00a0S\u00e3o Jos\u00e9, \u00e9 um dos santos mais venerados pela Igreja Cat\u00f3lica em todo o mundo. S\u00e3o Jos\u00e9 \u00e9 conhecido tamb\u00e9m como Jos\u00e9 de Nazar\u00e9, Jos\u00e9, [&hellip;]<\/p>\n","protected":false},"author":1,"featured_media":74222,"comment_status":"closed","ping_status":"open","sticky":false,"template":"","format":"standard","meta":{"footnotes":""},"categories":[110,118],"tags":[],"class_list":["post-74218","post","type-post","status-publish","format-standard","has-post-thumbnail","hentry","category-noticiasdestaque","category-religiaoesolidariedade"],"_links":{"self":[{"href":"https:\/\/jorgezanoni.com.br\/2019\/wp-json\/wp\/v2\/posts\/74218","targetHints":{"allow":["GET"]}}],"collection":[{"href":"https:\/\/jorgezanoni.com.br\/2019\/wp-json\/wp\/v2\/posts"}],"about":[{"href":"https:\/\/jorgezanoni.com.br\/2019\/wp-json\/wp\/v2\/types\/post"}],"author":[{"embeddable":true,"href":"https:\/\/jorgezanoni.com.br\/2019\/wp-json\/wp\/v2\/users\/1"}],"replies":[{"embeddable":true,"href":"https:\/\/jorgezanoni.com.br\/2019\/wp-json\/wp\/v2\/comments?post=74218"}],"version-history":[{"count":1,"href":"https:\/\/jorgezanoni.com.br\/2019\/wp-json\/wp\/v2\/posts\/74218\/revisions"}],"predecessor-version":[{"id":74221,"href":"https:\/\/jorgezanoni.com.br\/2019\/wp-json\/wp\/v2\/posts\/74218\/revisions\/74221"}],"wp:featuredmedia":[{"embeddable":true,"href":"https:\/\/jorgezanoni.com.br\/2019\/wp-json\/wp\/v2\/media\/74222"}],"wp:attachment":[{"href":"https:\/\/jorgezanoni.com.br\/2019\/wp-json\/wp\/v2\/media?parent=74218"}],"wp:term":[{"taxonomy":"category","embeddable":true,"href":"https:\/\/jorgezanoni.com.br\/2019\/wp-json\/wp\/v2\/categories?post=74218"},{"taxonomy":"post_tag","embeddable":true,"href":"https:\/\/jorgezanoni.com.br\/2019\/wp-json\/wp\/v2\/tags?post=74218"}],"curies":[{"name":"wp","href":"https:\/\/api.w.org\/{rel}","templated":true}]}}