{"id":7420,"date":"2019-09-27T02:55:36","date_gmt":"2019-09-27T02:55:36","guid":{"rendered":"https:\/\/jorgezanoni.com.br\/2019\/?p=7420"},"modified":"2019-09-27T02:55:36","modified_gmt":"2019-09-27T02:55:36","slug":"acidente-entre-carro-e-moto-na-esquina-das-ruas-osvaldo-paulino-dos-santos-com-aecio-de-feo-flora-no-jardim-brasilandia","status":"publish","type":"post","link":"https:\/\/jorgezanoni.com.br\/2019\/acidente-entre-carro-e-moto-na-esquina-das-ruas-osvaldo-paulino-dos-santos-com-aecio-de-feo-flora-no-jardim-brasilandia\/","title":{"rendered":"Acidente entre carro e moto na esquina das ruas Osvaldo Paulino dos Santos com A\u00e9cio de Feo Flora no jardim Brasil\u00e2ndia."},"content":{"rendered":"<div id=\"fb-root\"><\/div>\n<p><script async=\"1\" defer=\"1\" crossorigin=\"anonymous\" src=\"https:\/\/connect.facebook.net\/en_US\/sdk.js#xfbml=1&amp;version=v4.0\"><\/script><\/p>\n<div class=\"fb-video\" data-href=\"https:\/\/www.facebook.com\/jorgezanonidracena\/videos\/731241540648342\/\" data-width=\"696\">\n<blockquote cite=\"https:\/\/www.facebook.com\/jorgezanonidracena\/videos\/731241540648342\/\" class=\"fb-xfbml-parse-ignore\"><p><a href=\"https:\/\/www.facebook.com\/jorgezanonidracena\/videos\/731241540648342\/\"><\/a><\/p>\n<p>Acidente entre carro e moto na esquina das ruas Osvaldo Paulino dos Santos com A\u00e9cio de Feo Flora no jardim Brasil\u00e2ndia. (Esquina com Sem\u00e1foro) 26\/09\/19<\/p>\n<p>Posted by <a href=\"https:\/\/www.facebook.com\/jorgezanonidracena\/\">Jorge Zanoni<\/a> on Thursday, September 26, 2019<\/p><\/blockquote>\n<\/div>\n","protected":false},"excerpt":{"rendered":"<p>Acidente entre carro e moto na esquina das ruas Osvaldo Paulino dos Santos com A\u00e9cio de Feo Flora no jardim Brasil\u00e2ndia. (Esquina com Sem\u00e1foro) 26\/09\/19 Posted by Jorge Zanoni on Thursday, September 26, 2019<\/p>\n","protected":false},"author":1,"featured_media":7421,"comment_status":"closed","ping_status":"open","sticky":false,"template":"","format":"video","meta":{"footnotes":""},"categories":[169],"tags":[],"class_list":["post-7420","post","type-post","status-publish","format-video","has-post-thumbnail","hentry","category-videos","post_format-post-format-video"],"_links":{"self":[{"href":"https:\/\/jorgezanoni.com.br\/2019\/wp-json\/wp\/v2\/posts\/7420","targetHints":{"allow":["GET"]}}],"collection":[{"href":"https:\/\/jorgezanoni.com.br\/2019\/wp-json\/wp\/v2\/posts"}],"about":[{"href":"https:\/\/jorgezanoni.com.br\/2019\/wp-json\/wp\/v2\/types\/post"}],"author":[{"embeddable":true,"href":"https:\/\/jorgezanoni.com.br\/2019\/wp-json\/wp\/v2\/users\/1"}],"replies":[{"embeddable":true,"href":"https:\/\/jorgezanoni.com.br\/2019\/wp-json\/wp\/v2\/comments?post=7420"}],"version-history":[{"count":0,"href":"https:\/\/jorgezanoni.com.br\/2019\/wp-json\/wp\/v2\/posts\/7420\/revisions"}],"wp:featuredmedia":[{"embeddable":true,"href":"https:\/\/jorgezanoni.com.br\/2019\/wp-json\/wp\/v2\/media\/7421"}],"wp:attachment":[{"href":"https:\/\/jorgezanoni.com.br\/2019\/wp-json\/wp\/v2\/media?parent=7420"}],"wp:term":[{"taxonomy":"category","embeddable":true,"href":"https:\/\/jorgezanoni.com.br\/2019\/wp-json\/wp\/v2\/categories?post=7420"},{"taxonomy":"post_tag","embeddable":true,"href":"https:\/\/jorgezanoni.com.br\/2019\/wp-json\/wp\/v2\/tags?post=7420"}],"curies":[{"name":"wp","href":"https:\/\/api.w.org\/{rel}","templated":true}]}}