{"id":74190,"date":"2023-03-18T19:04:08","date_gmt":"2023-03-18T19:04:08","guid":{"rendered":"https:\/\/jorgezanoni.com.br\/2019\/?p=74190"},"modified":"2023-03-18T19:04:08","modified_gmt":"2023-03-18T19:04:08","slug":"policia-militar-prende-homem-por-trafico-de-drogas-em-ouro-verde-2","status":"publish","type":"post","link":"https:\/\/jorgezanoni.com.br\/2019\/policia-militar-prende-homem-por-trafico-de-drogas-em-ouro-verde-2\/","title":{"rendered":"Pol\u00edcia Militar prende homem por Tr\u00e1fico de Drogas em Ouro Verde"},"content":{"rendered":"<p style=\"text-align: justify;\">NA DATA DE ONTEM (16) POR VOLTA DAS 21H08MIN EM PATRULHAMENTO PELO MUNIC\u00cdPIO DE OURO VERDE, QUANDO PRECISAMENTE PELA RUA PAR\u00c1 FOI VISUALIZADO ALGUMAS PESSOAS EM ATITUDE SUSPEITA, DE IMEDIATO REALIZADO A ABORDAGEM, DENTRE ESSAS PESSOAS ESTAVA O INDICIADO O QUAL RECAI DEN\u00daNCIA DE TRAFICO DE DROGAS.<br \/>\nNO ATO DA ABORDAGEM NADA DE ILICITO FOI LOCALIZADO, SENDO QUE O INDICIADO FOI INDAGADO SOBRE AS DENUNCIAS EM SEU DESFAVOR, AS QUAIS RELATAM QUE OMISIA DROGAS EM SUA RESIDENCIA, DE IMEDIATO NEGOU OS FATOS E INCLUSIVE CONVIDOU A EQUIPE A VISTORIAR SUA RESID\u00caNCIA.<br \/>\nJA EM SUA RESID\u00caNCIA PROXIMO AO LOCAL DA ABORDAGEM, A EQUIPE COM O C\u00c3O DE FARO E JUNTAMENTE COM MAIS DUAS TESTEMUNHAS, SENDO ELAS SOGRO E IRM\u00c3 DO INDICIADO ACOMPANHARAM TODA A VISTORIA, INCLUSIVE O MOMENTO EM QUE O C\u00c3O LOCALIZOU EM UM DOS COMODOS DO FUNDO, DENTRO DE UMA MAQUINA DE LAVAR ROUPAS UM FRASCO DE COR BRANCA CONTENDO POR\u00c7\u00d5ES DE SUBST\u00c2NCIA ESVERDEADA APARENTANDO SER MACONHA EMBALADAS SEPARADAMENTE EM SACO PLASTICO DE COR BRANCA, PRONTAS PARA A VENDA. FORAM APREENDIDOS 14 POR\u00c7\u00d5ES DE MACONHA, TOTALIZANDO 0,052 gramas.<br \/>\nDIANTE DOS FATOS, FOI DADA VOZ DE PRIS\u00c3O AO AUTOR BEM COMO ACIONADA A PERICIA PARA O LOCAL.<br \/>\nCOM O APOIO DA VIATURA DE T\u00c1TICO 019 E EQUIPE DE RP DE OURO VERDE QUE PRESERVOU O LOCAL AT\u00c9 A CHEGADA DA PER\u00cdCIA.<br \/>\nFOI DADA VOZ DE PRIS\u00c3O POR TRAFICO DE DROGAS, PERMANECENDO O INDICIADO PRESO A DISPOSI\u00c7\u00c3O DA JUSTI\u00c7A.<\/p>\n<p>Fonte: Com. Social Pol\u00edcia Militar<\/p>\n","protected":false},"excerpt":{"rendered":"<p>NA DATA DE ONTEM (16) POR VOLTA DAS 21H08MIN EM PATRULHAMENTO PELO MUNIC\u00cdPIO DE OURO VERDE, QUANDO PRECISAMENTE PELA RUA PAR\u00c1 FOI VISUALIZADO ALGUMAS PESSOAS EM ATITUDE SUSPEITA, DE IMEDIATO REALIZADO A ABORDAGEM, DENTRE ESSAS PESSOAS ESTAVA O INDICIADO O QUAL RECAI DEN\u00daNCIA DE TRAFICO DE DROGAS. NO ATO DA ABORDAGEM NADA DE ILICITO FOI [&hellip;]<\/p>\n","protected":false},"author":1,"featured_media":74191,"comment_status":"closed","ping_status":"open","sticky":false,"template":"","format":"standard","meta":{"footnotes":""},"categories":[110,2],"tags":[],"class_list":["post-74190","post","type-post","status-publish","format-standard","has-post-thumbnail","hentry","category-noticiasdestaque","category-policial"],"_links":{"self":[{"href":"https:\/\/jorgezanoni.com.br\/2019\/wp-json\/wp\/v2\/posts\/74190","targetHints":{"allow":["GET"]}}],"collection":[{"href":"https:\/\/jorgezanoni.com.br\/2019\/wp-json\/wp\/v2\/posts"}],"about":[{"href":"https:\/\/jorgezanoni.com.br\/2019\/wp-json\/wp\/v2\/types\/post"}],"author":[{"embeddable":true,"href":"https:\/\/jorgezanoni.com.br\/2019\/wp-json\/wp\/v2\/users\/1"}],"replies":[{"embeddable":true,"href":"https:\/\/jorgezanoni.com.br\/2019\/wp-json\/wp\/v2\/comments?post=74190"}],"version-history":[{"count":1,"href":"https:\/\/jorgezanoni.com.br\/2019\/wp-json\/wp\/v2\/posts\/74190\/revisions"}],"predecessor-version":[{"id":74192,"href":"https:\/\/jorgezanoni.com.br\/2019\/wp-json\/wp\/v2\/posts\/74190\/revisions\/74192"}],"wp:featuredmedia":[{"embeddable":true,"href":"https:\/\/jorgezanoni.com.br\/2019\/wp-json\/wp\/v2\/media\/74191"}],"wp:attachment":[{"href":"https:\/\/jorgezanoni.com.br\/2019\/wp-json\/wp\/v2\/media?parent=74190"}],"wp:term":[{"taxonomy":"category","embeddable":true,"href":"https:\/\/jorgezanoni.com.br\/2019\/wp-json\/wp\/v2\/categories?post=74190"},{"taxonomy":"post_tag","embeddable":true,"href":"https:\/\/jorgezanoni.com.br\/2019\/wp-json\/wp\/v2\/tags?post=74190"}],"curies":[{"name":"wp","href":"https:\/\/api.w.org\/{rel}","templated":true}]}}