{"id":7417,"date":"2019-09-27T02:32:20","date_gmt":"2019-09-27T02:32:20","guid":{"rendered":"https:\/\/jorgezanoni.com.br\/2019\/?p=7417"},"modified":"2019-09-27T02:32:20","modified_gmt":"2019-09-27T02:32:20","slug":"suspeito-de-atirar-na-irma-e-no-sobrinho-de-3-anos-durante-discussao-se-entrega-a-policia-civil","status":"publish","type":"post","link":"https:\/\/jorgezanoni.com.br\/2019\/suspeito-de-atirar-na-irma-e-no-sobrinho-de-3-anos-durante-discussao-se-entrega-a-policia-civil\/","title":{"rendered":"Suspeito de atirar na irm\u00e3 e no sobrinho de 3 anos durante discuss\u00e3o se entrega \u00e0 Pol\u00edcia Civil"},"content":{"rendered":"<h2 class=\"content-head__subtitle\" style=\"text-align: justify;\"><strong>Crime foi cometido na ter\u00e7a-feira (24), em Castilho (SP). V\u00edtimas permanecem internadas em hospitais da regi\u00e3o.<\/strong><\/h2>\n<div class=\"mc-column content-text active-extra-styles \" data-block-type=\"unstyled\" data-block-weight=\"46\" data-block-id=\"2\">\n<p class=\"content-text__container \" style=\"text-align: justify;\" data-track-category=\"Link no Texto\" data-track-links=\"\">O homem, de 36 anos, suspeito de atirar\u00a0<a href=\"https:\/\/g1.globo.com\/sp\/bauru-marilia\/noticia\/2019\/09\/26\/caso-mariana-suspeito-chora-durante-audiencia-e-culpa-outra-pessoa-por-assassinato-de-universitaria.ghtml\">na irm\u00e3 e no sobrinho ap\u00f3s a v\u00edtima tentar separar uma discuss\u00e3o que o autor dos disparos estava tendo com a mulher<\/a>, se entregou na delegacia da Pol\u00edcia Civil de Castilho (SP), na tarde desta quinta-feira (26).<\/p>\n<\/div>\n<div class=\"wall protected-content\">\n<div class=\"mc-column content-text active-extra-styles \" style=\"text-align: justify;\" data-block-type=\"unstyled\" data-block-weight=\"47\" data-block-id=\"3\">\n<p class=\"content-text__container \" data-track-category=\"Link no Texto\" data-track-links=\"\">O crime foi cometido na ter\u00e7a-feira (24), na casa onde a fam\u00edlia mora, no bairro Jupi\u00e1. As v\u00edtimas foram socorridas para o pronto-socorro do munic\u00edpio, mas a m\u00e3e precisou ser transferida para o hospital de Mirand\u00f3polis e a crian\u00e7a para a Santa Casa de Ara\u00e7atuba (SP).<\/p>\n<\/div>\n<div class=\"mc-column content-text active-extra-styles \" style=\"text-align: justify;\" data-block-type=\"unstyled\" data-block-weight=\"47\" data-block-id=\"4\">\n<p class=\"content-text__container \" data-track-category=\"Link no Texto\" data-track-links=\"\">De acordo com a Pol\u00edcia Civil, o suspeito chegou na delegacia acompanhado de um advogado. Ele prestou depoimento e foi transferido para a cadeia de Ilha Solteira (SP), onde permanece \u00e0 disposi\u00e7\u00e3o da Justi\u00e7a, que j\u00e1 havia expedido um mandado de pris\u00e3o tempor\u00e1ria contra ele.<\/p>\n<\/div>\n<div class=\"mc-column content-text active-extra-styles \" style=\"text-align: justify;\" data-block-type=\"unstyled\" data-block-weight=\"40\" data-block-id=\"5\">\n<p class=\"content-text__container \" data-track-category=\"Link no Texto\" data-track-links=\"\">No dia em que o crime foi registrado, o casal estava brigando e a mulher agrediu o marido com uma garrafada na cabe\u00e7a. O suspeito ficou irritado, sacou uma arma e come\u00e7ou a fazer disparos em dire\u00e7\u00e3o ao solo.<\/p>\n<\/div>\n<div class=\"mc-column content-text active-extra-styles \" style=\"text-align: justify;\" data-block-type=\"unstyled\" data-block-weight=\"41\" data-block-id=\"6\">\n<p class=\"content-text__container \" data-track-category=\"Link no Texto\" data-track-links=\"\">Ainda segundo a pol\u00edcia, a irm\u00e3 do suspeito, que estava com o filho de 3 anos no colo, tentou separar a briga, mas foi atingida por um disparo, que atravessou as costas da v\u00edtima e ficou alojado no joelho crian\u00e7a.<\/p>\n<\/div>\n<div class=\"mc-column content-text active-extra-styles \" data-block-type=\"unstyled\" data-block-weight=\"26\" data-block-id=\"8\">\n<p class=\"content-text__container \" style=\"text-align: justify;\" data-track-category=\"Link no Texto\" data-track-links=\"\">M\u00e3e e filho permanecem internados nos hospitais. A crian\u00e7a precisou passar por uma cirurgia. Ainda n\u00e3o h\u00e1 informa\u00e7\u00f5es sobre o estado de sa\u00fade da m\u00e3e.<\/p>\n<p style=\"text-align: justify;\" data-track-category=\"Link no Texto\" data-track-links=\"\">Fonte: G1<\/p>\n<\/div>\n<\/div>\n","protected":false},"excerpt":{"rendered":"<p>Crime foi cometido na ter\u00e7a-feira (24), em Castilho (SP). V\u00edtimas permanecem internadas em hospitais da regi\u00e3o. O homem, de 36 anos, suspeito de atirar\u00a0na irm\u00e3 e no sobrinho ap\u00f3s a v\u00edtima tentar separar uma discuss\u00e3o que o autor dos disparos estava tendo com a mulher, se entregou na delegacia da Pol\u00edcia Civil de Castilho (SP), [&hellip;]<\/p>\n","protected":false},"author":1,"featured_media":7418,"comment_status":"closed","ping_status":"open","sticky":false,"template":"","format":"standard","meta":{"footnotes":""},"categories":[110,2],"tags":[],"class_list":["post-7417","post","type-post","status-publish","format-standard","has-post-thumbnail","hentry","category-noticiasdestaque","category-policial"],"_links":{"self":[{"href":"https:\/\/jorgezanoni.com.br\/2019\/wp-json\/wp\/v2\/posts\/7417","targetHints":{"allow":["GET"]}}],"collection":[{"href":"https:\/\/jorgezanoni.com.br\/2019\/wp-json\/wp\/v2\/posts"}],"about":[{"href":"https:\/\/jorgezanoni.com.br\/2019\/wp-json\/wp\/v2\/types\/post"}],"author":[{"embeddable":true,"href":"https:\/\/jorgezanoni.com.br\/2019\/wp-json\/wp\/v2\/users\/1"}],"replies":[{"embeddable":true,"href":"https:\/\/jorgezanoni.com.br\/2019\/wp-json\/wp\/v2\/comments?post=7417"}],"version-history":[{"count":0,"href":"https:\/\/jorgezanoni.com.br\/2019\/wp-json\/wp\/v2\/posts\/7417\/revisions"}],"wp:featuredmedia":[{"embeddable":true,"href":"https:\/\/jorgezanoni.com.br\/2019\/wp-json\/wp\/v2\/media\/7418"}],"wp:attachment":[{"href":"https:\/\/jorgezanoni.com.br\/2019\/wp-json\/wp\/v2\/media?parent=7417"}],"wp:term":[{"taxonomy":"category","embeddable":true,"href":"https:\/\/jorgezanoni.com.br\/2019\/wp-json\/wp\/v2\/categories?post=7417"},{"taxonomy":"post_tag","embeddable":true,"href":"https:\/\/jorgezanoni.com.br\/2019\/wp-json\/wp\/v2\/tags?post=7417"}],"curies":[{"name":"wp","href":"https:\/\/api.w.org\/{rel}","templated":true}]}}