{"id":74142,"date":"2023-03-17T10:55:09","date_gmt":"2023-03-17T10:55:09","guid":{"rendered":"https:\/\/jorgezanoni.com.br\/2019\/?p=74142"},"modified":"2023-03-17T10:55:09","modified_gmt":"2023-03-17T10:55:09","slug":"policia-civil-identifica-suspeitos-e-recupera-parte-de-carne-levada-em-furto-de-gado-em-ouro-verde","status":"publish","type":"post","link":"https:\/\/jorgezanoni.com.br\/2019\/policia-civil-identifica-suspeitos-e-recupera-parte-de-carne-levada-em-furto-de-gado-em-ouro-verde\/","title":{"rendered":"Pol\u00edcia Civil identifica suspeitos e recupera parte de carne levada em furto de gado em Ouro Verde"},"content":{"rendered":"<p style=\"text-align: justify;\">A Pol\u00edcia Civil, por interm\u00e9dio da Delegacia de Pol\u00edcia de Ouro Verde, recuperou nesta quarta-feira (15), partes de um animal bovino que foi furtado e abatido na propriedade da v\u00edtima, e esclareceu a autoria do delito.<br \/>\nAp\u00f3s receberem informa\u00e7\u00e3o de que uma bezerra de aproximadamente 05 (cinco) meses foi abatida e levada de uma propriedade na zona rural do munic\u00edpio, agentes da Delegacia de Pol\u00edcia de Ouro Verde foram at\u00e9 o local, onde notaram rastros de um carrinho de tra\u00e7\u00e3o animal, bem como de duas pessoas, que partia do local do abate.<br \/>\nDiante disso, realizaram dilig\u00eancias seguindo os rastros, e lograram chegar at\u00e9 uma propriedade tamb\u00e9m na zona rural, onde indagaram os moradores a respeito dos fatos, que a princ\u00edpio negaram a participa\u00e7\u00e3o, mas diante de conversa persuasiva um suspeito de 19 anos, confessou ter ido at\u00e9 o local onde abateu o animal e o levou at\u00e9 sua casa, indicando a carne j\u00e1 dissecada em sua geladeira.<br \/>\nAto cont\u00ednuo, tamb\u00e9m foi identificado a participa\u00e7\u00e3o de um outro acusado de 22 anos, o qual, momentos antes da chegada da equipe em sua casa, havia descartado as partes de carne em um matagal pr\u00f3ximo \u00e0 sua resid\u00eancia.<br \/>\nOs suspeitos foram conduzidos \u00e0 Delegacia de Pol\u00edcia de Ouro Verde, onde foram ouvidos e liberados, em raz\u00e3o de n\u00e3o haver estado flagrancial. A carne foi apreendida e entregue \u00e0 v\u00edtima.<\/p>\n<p style=\"text-align: justify;\">Fonte: Com. Social Pol\u00edcia Civil<\/p>\n","protected":false},"excerpt":{"rendered":"<p>A Pol\u00edcia Civil, por interm\u00e9dio da Delegacia de Pol\u00edcia de Ouro Verde, recuperou nesta quarta-feira (15), partes de um animal bovino que foi furtado e abatido na propriedade da v\u00edtima, e esclareceu a autoria do delito. Ap\u00f3s receberem informa\u00e7\u00e3o de que uma bezerra de aproximadamente 05 (cinco) meses foi abatida e levada de uma propriedade [&hellip;]<\/p>\n","protected":false},"author":1,"featured_media":74143,"comment_status":"closed","ping_status":"open","sticky":false,"template":"","format":"standard","meta":{"footnotes":""},"categories":[110,2],"tags":[],"class_list":["post-74142","post","type-post","status-publish","format-standard","has-post-thumbnail","hentry","category-noticiasdestaque","category-policial"],"_links":{"self":[{"href":"https:\/\/jorgezanoni.com.br\/2019\/wp-json\/wp\/v2\/posts\/74142","targetHints":{"allow":["GET"]}}],"collection":[{"href":"https:\/\/jorgezanoni.com.br\/2019\/wp-json\/wp\/v2\/posts"}],"about":[{"href":"https:\/\/jorgezanoni.com.br\/2019\/wp-json\/wp\/v2\/types\/post"}],"author":[{"embeddable":true,"href":"https:\/\/jorgezanoni.com.br\/2019\/wp-json\/wp\/v2\/users\/1"}],"replies":[{"embeddable":true,"href":"https:\/\/jorgezanoni.com.br\/2019\/wp-json\/wp\/v2\/comments?post=74142"}],"version-history":[{"count":1,"href":"https:\/\/jorgezanoni.com.br\/2019\/wp-json\/wp\/v2\/posts\/74142\/revisions"}],"predecessor-version":[{"id":74144,"href":"https:\/\/jorgezanoni.com.br\/2019\/wp-json\/wp\/v2\/posts\/74142\/revisions\/74144"}],"wp:featuredmedia":[{"embeddable":true,"href":"https:\/\/jorgezanoni.com.br\/2019\/wp-json\/wp\/v2\/media\/74143"}],"wp:attachment":[{"href":"https:\/\/jorgezanoni.com.br\/2019\/wp-json\/wp\/v2\/media?parent=74142"}],"wp:term":[{"taxonomy":"category","embeddable":true,"href":"https:\/\/jorgezanoni.com.br\/2019\/wp-json\/wp\/v2\/categories?post=74142"},{"taxonomy":"post_tag","embeddable":true,"href":"https:\/\/jorgezanoni.com.br\/2019\/wp-json\/wp\/v2\/tags?post=74142"}],"curies":[{"name":"wp","href":"https:\/\/api.w.org\/{rel}","templated":true}]}}