{"id":74105,"date":"2023-03-16T13:11:48","date_gmt":"2023-03-16T13:11:48","guid":{"rendered":"https:\/\/jorgezanoni.com.br\/2019\/?p=74105"},"modified":"2023-03-16T22:30:22","modified_gmt":"2023-03-16T22:30:22","slug":"morre-o-comerciante-mauricio-da-mb-informatica","status":"publish","type":"post","link":"https:\/\/jorgezanoni.com.br\/2019\/morre-o-comerciante-mauricio-da-mb-informatica\/","title":{"rendered":"Morre o comerciante Mauricio da MB Inform\u00e1tica"},"content":{"rendered":"<p>Comunicamos com pesar o falecimento de Mauricio Jos\u00e9 Bento de 51 anos. Ele estava em tratamento de sa\u00fade na cidade de S\u00e3o Jos\u00e9 do Rio Preto, onde teve complica\u00e7\u00f5es e veio a \u00f3bito.<\/p>\n<p>Maur\u00edcio era propriet\u00e1rio da MB Inform\u00e1tica, assist\u00eancia de computadores na Avenida Presidente Vargas.<\/p>\n<p>Deixa a esposa Luciana, filhas, genro, enteado, demais familiares e amigos.<\/p>\n<p>O Vel\u00f3rio ocorre amanh\u00e3 (17) a partir das 8 H. no Memorial Vida Prev e o Sepultamento ser\u00e1 as 16 H. no Cemit\u00e9rio Municipal de Dracena.<\/p>\n<p>O Site JZ se solidariza com a fam\u00edlia neste dif\u00edcil momento.<\/p>\n<p><img loading=\"lazy\" decoding=\"async\" class=\"alignnone size-full wp-image-74106\" src=\"https:\/\/jorgezanoni.com.br\/2019\/wp-content\/uploads\/2023\/03\/Mauricio-Bento-2.jpg\" alt=\"\" width=\"639\" height=\"1027\" srcset=\"https:\/\/jorgezanoni.com.br\/2019\/wp-content\/uploads\/2023\/03\/Mauricio-Bento-2.jpg 639w, https:\/\/jorgezanoni.com.br\/2019\/wp-content\/uploads\/2023\/03\/Mauricio-Bento-2-187x300.jpg 187w, https:\/\/jorgezanoni.com.br\/2019\/wp-content\/uploads\/2023\/03\/Mauricio-Bento-2-637x1024.jpg 637w, https:\/\/jorgezanoni.com.br\/2019\/wp-content\/uploads\/2023\/03\/Mauricio-Bento-2-261x420.jpg 261w\" sizes=\"auto, (max-width: 639px) 100vw, 639px\" \/><\/p>\n<p>Fotos Redes Sociais<\/p>\n<p>Jorge Zanoni<\/p>\n<p><img loading=\"lazy\" decoding=\"async\" class=\"alignnone size-full wp-image-74115\" src=\"https:\/\/jorgezanoni.com.br\/2019\/wp-content\/uploads\/2023\/03\/Mauricio.jpg\" alt=\"\" width=\"540\" height=\"540\" srcset=\"https:\/\/jorgezanoni.com.br\/2019\/wp-content\/uploads\/2023\/03\/Mauricio.jpg 540w, https:\/\/jorgezanoni.com.br\/2019\/wp-content\/uploads\/2023\/03\/Mauricio-300x300.jpg 300w, https:\/\/jorgezanoni.com.br\/2019\/wp-content\/uploads\/2023\/03\/Mauricio-150x150.jpg 150w, https:\/\/jorgezanoni.com.br\/2019\/wp-content\/uploads\/2023\/03\/Mauricio-420x420.jpg 420w\" sizes=\"auto, (max-width: 540px) 100vw, 540px\" \/><\/p>\n<p>&nbsp;<\/p>\n","protected":false},"excerpt":{"rendered":"<p>Comunicamos com pesar o falecimento de Mauricio Jos\u00e9 Bento de 51 anos. Ele estava em tratamento de sa\u00fade na cidade de S\u00e3o Jos\u00e9 do Rio Preto, onde teve complica\u00e7\u00f5es e veio a \u00f3bito. Maur\u00edcio era propriet\u00e1rio da MB Inform\u00e1tica, assist\u00eancia de computadores na Avenida Presidente Vargas. Deixa a esposa Luciana, filhas, genro, enteado, demais familiares [&hellip;]<\/p>\n","protected":false},"author":1,"featured_media":74107,"comment_status":"closed","ping_status":"open","sticky":false,"template":"","format":"standard","meta":{"footnotes":""},"categories":[178,110],"tags":[],"class_list":["post-74105","post","type-post","status-publish","format-standard","has-post-thumbnail","hentry","category-notadefalecimento","category-noticiasdestaque"],"_links":{"self":[{"href":"https:\/\/jorgezanoni.com.br\/2019\/wp-json\/wp\/v2\/posts\/74105","targetHints":{"allow":["GET"]}}],"collection":[{"href":"https:\/\/jorgezanoni.com.br\/2019\/wp-json\/wp\/v2\/posts"}],"about":[{"href":"https:\/\/jorgezanoni.com.br\/2019\/wp-json\/wp\/v2\/types\/post"}],"author":[{"embeddable":true,"href":"https:\/\/jorgezanoni.com.br\/2019\/wp-json\/wp\/v2\/users\/1"}],"replies":[{"embeddable":true,"href":"https:\/\/jorgezanoni.com.br\/2019\/wp-json\/wp\/v2\/comments?post=74105"}],"version-history":[{"count":3,"href":"https:\/\/jorgezanoni.com.br\/2019\/wp-json\/wp\/v2\/posts\/74105\/revisions"}],"predecessor-version":[{"id":74117,"href":"https:\/\/jorgezanoni.com.br\/2019\/wp-json\/wp\/v2\/posts\/74105\/revisions\/74117"}],"wp:featuredmedia":[{"embeddable":true,"href":"https:\/\/jorgezanoni.com.br\/2019\/wp-json\/wp\/v2\/media\/74107"}],"wp:attachment":[{"href":"https:\/\/jorgezanoni.com.br\/2019\/wp-json\/wp\/v2\/media?parent=74105"}],"wp:term":[{"taxonomy":"category","embeddable":true,"href":"https:\/\/jorgezanoni.com.br\/2019\/wp-json\/wp\/v2\/categories?post=74105"},{"taxonomy":"post_tag","embeddable":true,"href":"https:\/\/jorgezanoni.com.br\/2019\/wp-json\/wp\/v2\/tags?post=74105"}],"curies":[{"name":"wp","href":"https:\/\/api.w.org\/{rel}","templated":true}]}}