{"id":74101,"date":"2023-03-16T12:46:23","date_gmt":"2023-03-16T12:46:23","guid":{"rendered":"https:\/\/jorgezanoni.com.br\/2019\/?p=74101"},"modified":"2023-03-16T12:46:23","modified_gmt":"2023-03-16T12:46:23","slug":"psicologia-da-unifadra-homenageia-as-mulheres","status":"publish","type":"post","link":"https:\/\/jorgezanoni.com.br\/2019\/psicologia-da-unifadra-homenageia-as-mulheres\/","title":{"rendered":"Psicologia da Unifadra homenageia as mulheres"},"content":{"rendered":"<p style=\"text-align: justify;\"><span style=\"font-size: large;\">Os alunos do 7\u00ba termo do curso de Psicologia realizaram um evento no dia 8 de mar\u00e7o, celebrando e contextualizando o Dia Internacional da Mulher e homenageando tr\u00eas mulheres representantes da classe trabalhadora &#8211; retomando as origens e a mem\u00f3ria da luta oper\u00e1ria feminina.<\/span><\/p>\n<p><span style=\"font-size: large;\">Reunidos no Audit\u00f3rio &#8220;Prof. Geraldo Mariano Alves&#8221;, os acad\u00eamicos relembraram eventos e manifesta\u00e7\u00f5es feitas por mulheres na busca por respeito e na luta contra a domina\u00e7\u00e3o e a explora\u00e7\u00e3o pelos homens em diversas esferas, que abrangiam melhores condi\u00e7\u00f5es de trabalho, redu\u00e7\u00e3o da jornada e a proibi\u00e7\u00e3o da explora\u00e7\u00e3o infantil, que culminaram numa s\u00e9rie de protestos pela Europa e Estados Unidos.<\/span><\/p>\n<p><span style=\"font-size: large;\">O evento Trajet\u00f3rias de Marias ressaltou a import\u00e2ncia do Dia Internacional da Mulher e homenageou ocupantes de profiss\u00f5es majoritariamente masculinas, que ainda hoje enfrentam diariamente os desafios impostos pela sociedade e pela condi\u00e7\u00e3o de ser mulher.<\/span><\/p>\n<p><span style=\"font-size: large;\">Uma das homenageadas foi Sivonei Aparecida\u00a0<\/span>Felicio,<span style=\"font-size: large;\">\u00a0ex-jogadora de handebol que aos 21 anos aprendeu o of\u00edcio de motorista de caminh\u00e3o, atividade profissional que desenvolve at\u00e9 hoje.<\/span><\/p>\n<p><span style=\"font-size: large;\">Outra homenageada foi Adriana Cristina Ribeiro, com uma hist\u00f3ria pessoal marcada por perdas e lutos, que aprendeu sozinha o of\u00edcio de servente de pedreiro e\u00a0<\/span>pintora<span style=\"font-size: large;\">\u00a0de paredes, atividade que desempenha atualmente.<\/span><\/p>\n<p><span style=\"font-size: large;\">A \u00faltima homenageada foi Arlinda dos Santos Oliveira, chefe de manuten\u00e7\u00e3o da Fundec, que, de tanto observar o trabalho do marido quando ia ajudar com a limpeza nas constru\u00e7\u00f5es, aprendeu a assentar pisos. Apesar de provar ser capaz, ele n\u00e3o a apoiou a realizar o servi\u00e7o, porque considerava um trabalho pesado, apenas para homens. Mas Arlinda entrou na Fundec como auxiliar de limpeza e chamou a aten\u00e7\u00e3o pelos conhecimentos que tinha, chegando a chefe de manuten\u00e7\u00e3o. Agora comanda outros 23 funcion\u00e1rios, al\u00e9m de acompanhar equipes externas nas obras realizadas pela institui\u00e7\u00e3o em todas as suas unidades.<\/span><\/p>\n<p><span style=\"font-size: large;\">As homenageadas da noite ainda bateram papo com a plateia, compartilhando suas hist\u00f3rias e respondendo a perguntas. No encerramento, o aluno Renan Buchini fez a leitura de um texto, chamando os homens presentes para uma reflex\u00e3o sobre o seu papel dentro desse contexto. Foram sorteados brindes entre os participantes do evento.<\/span><\/p>\n<p><span style=\"font-size: large;\">A Profa. Ma. Claudia Regina Parra, que coordenou o evento com os alunos do 7\u00ba termo, ressalta a import\u00e2ncia da atividade no curso de Psicologia, que tem em seu escopo um p\u00fablico majoritariamente feminino, trazendo \u00e0 luz quest\u00f5es como os desafios da desigualdade do mundo do trabalho e os riscos maiores da viol\u00eancia de g\u00eanero nas rela\u00e7\u00f5es profissionais. &#8220;Apesar dos avan\u00e7os, os n\u00fameros comprovam que ainda h\u00e1 muito o que conquistar, por isso era necess\u00e1rio trazer ao evento pessoas da comunidade que abriram portas nesse cen\u00e1rio&#8221;, complementa.<\/span><\/p>\n<p><span style=\"font-size: large;\">A coordenadora do curso de Psicologia, Profa. Ma. Andrea Frizo de Carvalho Barbosa, parabeniza a professora e os acad\u00eamicos organizadores do evento e reafirma que &#8220;o curso de Psicologia da Unifadra vem cumprindo o seu papel, formando profissionais reflexivos e cr\u00edticos, que contribuem para o desenvolvimento e fortalecimento da Psicologia como ci\u00eancia e profiss\u00e3o e para a constru\u00e7\u00e3o de uma sociedade mais igualit\u00e1ria.&#8221;<\/span><\/p>\n<p><img loading=\"lazy\" decoding=\"async\" class=\"alignnone size-full wp-image-74102\" src=\"https:\/\/jorgezanoni.com.br\/2019\/wp-content\/uploads\/2023\/03\/psico.jpg\" alt=\"\" width=\"700\" height=\"394\" srcset=\"https:\/\/jorgezanoni.com.br\/2019\/wp-content\/uploads\/2023\/03\/psico.jpg 700w, https:\/\/jorgezanoni.com.br\/2019\/wp-content\/uploads\/2023\/03\/psico-300x169.jpg 300w, https:\/\/jorgezanoni.com.br\/2019\/wp-content\/uploads\/2023\/03\/psico-696x392.jpg 696w\" sizes=\"auto, (max-width: 700px) 100vw, 700px\" \/><\/p>\n<p>Fonte: Depto. de Comunica\u00e7\u00e3o Fundec<\/p>\n","protected":false},"excerpt":{"rendered":"<p>Os alunos do 7\u00ba termo do curso de Psicologia realizaram um evento no dia 8 de mar\u00e7o, celebrando e contextualizando o Dia Internacional da Mulher e homenageando tr\u00eas mulheres representantes da classe trabalhadora &#8211; retomando as origens e a mem\u00f3ria da luta oper\u00e1ria feminina. Reunidos no Audit\u00f3rio &#8220;Prof. Geraldo Mariano Alves&#8221;, os acad\u00eamicos relembraram eventos [&hellip;]<\/p>\n","protected":false},"author":1,"featured_media":74103,"comment_status":"closed","ping_status":"open","sticky":false,"template":"","format":"standard","meta":{"footnotes":""},"categories":[110,122],"tags":[],"class_list":["post-74101","post","type-post","status-publish","format-standard","has-post-thumbnail","hentry","category-noticiasdestaque","category-saudeeducacaoeconcurso"],"_links":{"self":[{"href":"https:\/\/jorgezanoni.com.br\/2019\/wp-json\/wp\/v2\/posts\/74101","targetHints":{"allow":["GET"]}}],"collection":[{"href":"https:\/\/jorgezanoni.com.br\/2019\/wp-json\/wp\/v2\/posts"}],"about":[{"href":"https:\/\/jorgezanoni.com.br\/2019\/wp-json\/wp\/v2\/types\/post"}],"author":[{"embeddable":true,"href":"https:\/\/jorgezanoni.com.br\/2019\/wp-json\/wp\/v2\/users\/1"}],"replies":[{"embeddable":true,"href":"https:\/\/jorgezanoni.com.br\/2019\/wp-json\/wp\/v2\/comments?post=74101"}],"version-history":[{"count":1,"href":"https:\/\/jorgezanoni.com.br\/2019\/wp-json\/wp\/v2\/posts\/74101\/revisions"}],"predecessor-version":[{"id":74104,"href":"https:\/\/jorgezanoni.com.br\/2019\/wp-json\/wp\/v2\/posts\/74101\/revisions\/74104"}],"wp:featuredmedia":[{"embeddable":true,"href":"https:\/\/jorgezanoni.com.br\/2019\/wp-json\/wp\/v2\/media\/74103"}],"wp:attachment":[{"href":"https:\/\/jorgezanoni.com.br\/2019\/wp-json\/wp\/v2\/media?parent=74101"}],"wp:term":[{"taxonomy":"category","embeddable":true,"href":"https:\/\/jorgezanoni.com.br\/2019\/wp-json\/wp\/v2\/categories?post=74101"},{"taxonomy":"post_tag","embeddable":true,"href":"https:\/\/jorgezanoni.com.br\/2019\/wp-json\/wp\/v2\/tags?post=74101"}],"curies":[{"name":"wp","href":"https:\/\/api.w.org\/{rel}","templated":true}]}}