{"id":74095,"date":"2023-03-16T12:37:49","date_gmt":"2023-03-16T12:37:49","guid":{"rendered":"https:\/\/jorgezanoni.com.br\/2019\/?p=74095"},"modified":"2023-03-16T12:38:26","modified_gmt":"2023-03-16T12:38:26","slug":"fundec-abre-processo-seletivo-para-contratacao-de-professores-2","status":"publish","type":"post","link":"https:\/\/jorgezanoni.com.br\/2019\/fundec-abre-processo-seletivo-para-contratacao-de-professores-2\/","title":{"rendered":"Fundec abre processo seletivo para contrata\u00e7\u00e3o de professores"},"content":{"rendered":"<p style=\"text-align: justify;\"><span style=\"font-size: large;\">A Funda\u00e7\u00e3o Dracenense de Educa\u00e7\u00e3o e Cultura (Fundec) est\u00e1 contratando para vaga de doc\u00eancia (Professor de Ensino M\u00e9dio e Profissionalizante \/ L\u00edngua Portuguesa &#8211; Licenciatura em Letras) e abriu inscri\u00e7\u00f5es para o Processo Seletivo 03\/2023. O edital est\u00e1 dispon\u00edvel no link <a href=\"https:\/\/fundec.edu.br\/editais\" target=\"_blank\" rel=\"noopener noreferrer\">https:\/\/fundec.edu.br\/editais<\/a>\u00a0e os interessados devem acessar o bot\u00e3o &#8220;Portal de Inscri\u00e7\u00f5es&#8221; para se candidatar \u00e0 vaga, at\u00e9 o dia 20\/03\/2023.<\/span><\/p>\n<p><img loading=\"lazy\" decoding=\"async\" class=\"alignnone size-full wp-image-74097\" src=\"https:\/\/jorgezanoni.com.br\/2019\/wp-content\/uploads\/2023\/03\/PROCESSO-SELETIVO.png\" alt=\"\" width=\"700\" height=\"700\" srcset=\"https:\/\/jorgezanoni.com.br\/2019\/wp-content\/uploads\/2023\/03\/PROCESSO-SELETIVO.png 700w, https:\/\/jorgezanoni.com.br\/2019\/wp-content\/uploads\/2023\/03\/PROCESSO-SELETIVO-300x300.png 300w, https:\/\/jorgezanoni.com.br\/2019\/wp-content\/uploads\/2023\/03\/PROCESSO-SELETIVO-150x150.png 150w, https:\/\/jorgezanoni.com.br\/2019\/wp-content\/uploads\/2023\/03\/PROCESSO-SELETIVO-696x696.png 696w, https:\/\/jorgezanoni.com.br\/2019\/wp-content\/uploads\/2023\/03\/PROCESSO-SELETIVO-420x420.png 420w\" sizes=\"auto, (max-width: 700px) 100vw, 700px\" \/><\/p>\n<p>Fonte: Depto. de Comunica\u00e7\u00e3o da FUNDEC<\/p>\n","protected":false},"excerpt":{"rendered":"<p>A Funda\u00e7\u00e3o Dracenense de Educa\u00e7\u00e3o e Cultura (Fundec) est\u00e1 contratando para vaga de doc\u00eancia (Professor de Ensino M\u00e9dio e Profissionalizante \/ L\u00edngua Portuguesa &#8211; Licenciatura em Letras) e abriu inscri\u00e7\u00f5es para o Processo Seletivo 03\/2023. O edital est\u00e1 dispon\u00edvel no link https:\/\/fundec.edu.br\/editais\u00a0e os interessados devem acessar o bot\u00e3o &#8220;Portal de Inscri\u00e7\u00f5es&#8221; para se candidatar \u00e0 [&hellip;]<\/p>\n","protected":false},"author":1,"featured_media":74096,"comment_status":"closed","ping_status":"open","sticky":false,"template":"","format":"standard","meta":{"footnotes":""},"categories":[110,122],"tags":[],"class_list":["post-74095","post","type-post","status-publish","format-standard","has-post-thumbnail","hentry","category-noticiasdestaque","category-saudeeducacaoeconcurso"],"_links":{"self":[{"href":"https:\/\/jorgezanoni.com.br\/2019\/wp-json\/wp\/v2\/posts\/74095","targetHints":{"allow":["GET"]}}],"collection":[{"href":"https:\/\/jorgezanoni.com.br\/2019\/wp-json\/wp\/v2\/posts"}],"about":[{"href":"https:\/\/jorgezanoni.com.br\/2019\/wp-json\/wp\/v2\/types\/post"}],"author":[{"embeddable":true,"href":"https:\/\/jorgezanoni.com.br\/2019\/wp-json\/wp\/v2\/users\/1"}],"replies":[{"embeddable":true,"href":"https:\/\/jorgezanoni.com.br\/2019\/wp-json\/wp\/v2\/comments?post=74095"}],"version-history":[{"count":1,"href":"https:\/\/jorgezanoni.com.br\/2019\/wp-json\/wp\/v2\/posts\/74095\/revisions"}],"predecessor-version":[{"id":74099,"href":"https:\/\/jorgezanoni.com.br\/2019\/wp-json\/wp\/v2\/posts\/74095\/revisions\/74099"}],"wp:featuredmedia":[{"embeddable":true,"href":"https:\/\/jorgezanoni.com.br\/2019\/wp-json\/wp\/v2\/media\/74096"}],"wp:attachment":[{"href":"https:\/\/jorgezanoni.com.br\/2019\/wp-json\/wp\/v2\/media?parent=74095"}],"wp:term":[{"taxonomy":"category","embeddable":true,"href":"https:\/\/jorgezanoni.com.br\/2019\/wp-json\/wp\/v2\/categories?post=74095"},{"taxonomy":"post_tag","embeddable":true,"href":"https:\/\/jorgezanoni.com.br\/2019\/wp-json\/wp\/v2\/tags?post=74095"}],"curies":[{"name":"wp","href":"https:\/\/api.w.org\/{rel}","templated":true}]}}