{"id":7409,"date":"2019-09-27T02:00:32","date_gmt":"2019-09-27T02:00:32","guid":{"rendered":"https:\/\/jorgezanoni.com.br\/2019\/?p=7409"},"modified":"2019-09-27T02:00:32","modified_gmt":"2019-09-27T02:00:32","slug":"quase-quatro-semanas-apos-tragedia-corpos-de-vitimas-de-acidente-na-sp-284-sao-sepultados-em-rancharia","status":"publish","type":"post","link":"https:\/\/jorgezanoni.com.br\/2019\/quase-quatro-semanas-apos-tragedia-corpos-de-vitimas-de-acidente-na-sp-284-sao-sepultados-em-rancharia\/","title":{"rendered":"Quase quatro semanas ap\u00f3s trag\u00e9dia, corpos de v\u00edtimas de acidente na SP-284 s\u00e3o sepultados em Rancharia"},"content":{"rendered":"<h2 class=\"content-head__subtitle\" style=\"text-align: justify;\"><strong>Homens morreram carbonizados em decorr\u00eancia da colis\u00e3o entre van, que transportava pacientes de hemodi\u00e1lise, e caminh\u00e3o, em Martin\u00f3polis.<\/strong><\/h2>\n<div class=\"mc-column content-text active-extra-styles \" data-block-type=\"unstyled\" data-block-weight=\"45\" data-block-id=\"2\">\n<p class=\"content-text__container \" style=\"text-align: justify;\" data-track-category=\"Link no Texto\" data-track-links=\"\">Os corpos de quatro pessoas que morreram carbonizadas em um acidente de tr\u00e2nsito no dia 31 de agosto, na Rodovia Homero Severo Lins (SP-284), em\u00a0<a href=\"https:\/\/g1.globo.com\/sp\/presidente-prudente-regiao\/cidade\/martinopolis-sp\/\">Martin\u00f3polis (SP)<\/a>, foram sepultados na manh\u00e3 desta quinta-feira (26), no Cemit\u00e9rio Municipal de\u00a0<a href=\"https:\/\/g1.globo.com\/sp\/presidente-prudente-regiao\/cidade\/rancharia\/\">Rancharia (SP)<\/a>, ap\u00f3s a identifica\u00e7\u00e3o das v\u00edtimas.<\/p>\n<\/div>\n<div class=\"wall protected-content\">\n<div class=\"mc-column content-text active-extra-styles \" style=\"text-align: justify;\" data-block-type=\"unstyled\" data-block-weight=\"37\" data-block-id=\"3\">\n<p class=\"content-text__container \" data-track-category=\"Link no Texto\" data-track-links=\"\">Desde a data do acidente, os corpos haviam permanecido no Instituto M\u00e9dico Legal (IML), em\u00a0<a href=\"https:\/\/g1.globo.com\/sp\/presidente-prudente-regiao\/cidade\/presidente-prudente\/\">Presidente Prudente (SP)<\/a>, no aguardo da identifica\u00e7\u00e3o, que foi feita atrav\u00e9s de exame de DNA, j\u00e1 que as v\u00edtimas tinham sido carbonizadas.<\/p>\n<\/div>\n<div class=\"mc-column content-text active-extra-styles \" style=\"text-align: justify;\" data-block-type=\"unstyled\" data-block-weight=\"7\" data-block-id=\"4\">\n<p class=\"content-text__container \" data-track-category=\"Link no Texto\" data-track-links=\"\">As v\u00edtimas sepultadas nesta quinta-feira (26) foram:<\/p>\n<\/div>\n<div class=\"mc-column content-text active-extra-styles\" style=\"text-align: justify;\" data-block-type=\"raw\" data-block-weight=\"25\" data-block-id=\"5\">\n<ul class=\"content-unordered-list\">\n<li>Jos\u00e9 Donizete de Souza, de 60 anos;<\/li>\n<li>J\u00falio C\u00e9sar da Silva, de 37 anos;<\/li>\n<li>Mauro Oyama, de 68 anos;<\/li>\n<li>Miguel In\u00e1cio Briano, de 62 anos.<\/li>\n<\/ul>\n<\/div>\n<div class=\"mc-column content-text active-extra-styles \" style=\"text-align: justify;\" data-block-type=\"unstyled\" data-block-weight=\"8\" data-block-id=\"6\">\n<p class=\"content-text__container \" data-track-category=\"Link no Texto\" data-track-links=\"\">No total,\u00a0<a href=\"https:\/\/g1.globo.com\/sp\/presidente-prudente-regiao\/noticia\/2019\/09\/02\/morre-no-hr-a-quinta-vitima-de-grave-acidente-na-rodovia-homero-severo-lins-em-martinopolis.ghtml\">cinco pessoas morreram v\u00edtimas do acidente<\/a>.<\/p>\n<\/div>\n<div class=\"mc-column content-text active-extra-styles\" style=\"text-align: justify;\" data-block-type=\"raw\" data-block-weight=\"1\" data-block-id=\"7\">\n<div class=\"content-intertitle\">\n<h2>Inc\u00eandio<\/h2>\n<\/div>\n<\/div>\n<div class=\"mc-column content-text active-extra-styles \" style=\"text-align: justify;\" data-block-type=\"unstyled\" data-block-weight=\"28\" data-block-id=\"8\">\n<p class=\"content-text__container \" data-track-category=\"Link no Texto\" data-track-links=\"\">O acidente ocorreu na tarde do dia 31 de agosto, um s\u00e1bado, e provocou, no local, a morte de quatro pessoas na Rodovia Homero Severo Lins, em Martin\u00f3polis.<\/p>\n<\/div>\n<div class=\"mc-column content-text active-extra-styles \" style=\"text-align: justify;\" data-block-type=\"unstyled\" data-block-weight=\"36\" data-block-id=\"9\">\n<p class=\"content-text__container \" data-track-category=\"Link no Texto\" data-track-links=\"\">A quinta v\u00edtima fatal, uma mulher de 25 anos, morreu na tarde de 1\u00ba de setembro, no Hospital Regional (HR), em Presidente Prudente, onde estava internada, e foi sepultada no dia 2 de setembro, em Rancharia.<\/p>\n<\/div>\n<div class=\"mc-column content-text active-extra-styles \" style=\"text-align: justify;\" data-block-type=\"unstyled\" data-block-weight=\"50\" data-block-id=\"10\">\n<p class=\"content-text__container \" data-track-category=\"Link no Texto\" data-track-links=\"\">Outras duas pessoas que sofreram ferimentos em decorr\u00eancia do acidente e foram socorridas com vida \u2013 uma adolescente, de 17 anos, e um homem, de 57 anos \u2013 ainda seguem atualmente internadas no Centro de Tratamento de Queimaduras de Campinas (SP), que pertence \u00e0 Santa Casa de Miseric\u00f3rdia daquela cidade.<\/p>\n<\/div>\n<div class=\"mc-column content-text active-extra-styles\" data-block-type=\"raw\" data-block-weight=\"93\" data-block-id=\"12\">\n<ul class=\"content-unordered-list\" style=\"text-align: justify;\">\n<li><a href=\"https:\/\/g1.globo.com\/sp\/presidente-prudente-regiao\/noticia\/2019\/08\/31\/incendio-na-sp-284.ghtml\">Fuma\u00e7a tira visibilidade de motoristas e provoca acidente com quatro mortes na Rodovia Homero Severo Lins<\/a><\/li>\n<li><a href=\"https:\/\/g1.globo.com\/sp\/presidente-prudente-regiao\/noticia\/2019\/09\/01\/policia-civil-abre-inquerito-para-investigar-causas-de-acidente-que-matou-quatro-pessoas-em-martinopolis.ghtml\">Pol\u00edcia Civil abre inqu\u00e9rito para investigar causas de acidente que matou quatro pessoas em Martin\u00f3polis<\/a><\/li>\n<li><a href=\"https:\/\/g1.globo.com\/sp\/presidente-prudente-regiao\/noticia\/2019\/09\/02\/morre-no-hr-a-quinta-vitima-de-grave-acidente-na-rodovia-homero-severo-lins-em-martinopolis.ghtml\">Morre no HR a quinta v\u00edtima de grave acidente na Rodovia Homero Severo Lins, em Martin\u00f3polis<\/a><\/li>\n<li><a href=\"https:\/\/g1.globo.com\/sp\/presidente-prudente-regiao\/noticia\/2019\/09\/02\/investigacoes-de-tragedia-na-sp-284-voltam-se-a-identificar-causa-de-incendio-as-margens-da-rodovia.ghtml\">Investiga\u00e7\u00f5es de trag\u00e9dia na SP-284 voltam-se a identificar causa de inc\u00eandio \u00e0s margens da rodovia<\/a><\/li>\n<li><a href=\"https:\/\/g1.globo.com\/sp\/presidente-prudente-regiao\/noticia\/2019\/09\/03\/policia-civil-identifica-testemunhas-que-podem-ajudar-nas-investigacoes-sobre-tragedia-na-sp-284.ghtml\">Pol\u00edcia Civil identifica testemunhas que podem ajudar nas investiga\u00e7\u00f5es sobre trag\u00e9dia na SP-284<\/a><\/li>\n<li><a href=\"https:\/\/g1.globo.com\/sp\/presidente-prudente-regiao\/noticia\/2019\/09\/13\/depois-de-duas-semanas-policia-civil-ja-ouviu-depoimentos-de-dez-pessoas-nas-investigacoes-sobre-tragedia-na-sp-284.ghtml\">Depois de duas semanas, Pol\u00edcia Civil j\u00e1 ouviu depoimentos de dez pessoas nas investiga\u00e7\u00f5es sobre trag\u00e9dia na SP-284<\/a><\/li>\n<\/ul>\n<p style=\"text-align: justify;\"><img loading=\"lazy\" decoding=\"async\" class=\"alignnone size-full wp-image-7410\" src=\"https:\/\/jorgezanoni.com.br\/2019\/wp-content\/uploads\/2019\/09\/queima1.jpeg\" alt=\"\" width=\"1000\" height=\"750\" srcset=\"https:\/\/jorgezanoni.com.br\/2019\/wp-content\/uploads\/2019\/09\/queima1.jpeg 1000w, https:\/\/jorgezanoni.com.br\/2019\/wp-content\/uploads\/2019\/09\/queima1-300x225.jpeg 300w, https:\/\/jorgezanoni.com.br\/2019\/wp-content\/uploads\/2019\/09\/queima1-768x576.jpeg 768w, https:\/\/jorgezanoni.com.br\/2019\/wp-content\/uploads\/2019\/09\/queima1-80x60.jpeg 80w, https:\/\/jorgezanoni.com.br\/2019\/wp-content\/uploads\/2019\/09\/queima1-265x198.jpeg 265w, https:\/\/jorgezanoni.com.br\/2019\/wp-content\/uploads\/2019\/09\/queima1-696x522.jpeg 696w, https:\/\/jorgezanoni.com.br\/2019\/wp-content\/uploads\/2019\/09\/queima1-560x420.jpeg 560w\" sizes=\"auto, (max-width: 1000px) 100vw, 1000px\" \/><\/p>\n<div class=\"row medium-uncollapsed content-media content-photo\" data-block-type=\"backstage-photo\" data-block-id=\"13\">\n<div class=\"mc-column content-media__container\">\n<p class=\"content-media__description \" style=\"text-align: justify;\">No acidente, um caminh\u00e3o e uma van bateram de frente \u2014 Foto: Paulo S\u00e9rgio Santana<\/p>\n<\/div>\n<\/div>\n<div class=\"mc-column content-text active-extra-styles \" style=\"text-align: justify;\" data-block-type=\"unstyled\" data-block-weight=\"40\" data-block-id=\"14\">\n<p class=\"content-text__container \" data-track-category=\"Link no Texto\" data-track-links=\"\">No acidente, um caminh\u00e3o e uma van bateram de frente, por volta das 16h30, em decorr\u00eancia da\u00a0<a href=\"https:\/\/g1.globo.com\/sp\/presidente-prudente-regiao\/noticia\/2019\/08\/31\/incendio-na-sp-284.ghtml\">falta de visibilidade aos condutores por causa da fuma\u00e7a provocada por focos de inc\u00eandio<\/a>\u00a0de grandes propor\u00e7\u00f5es em vegeta\u00e7\u00e3o \u00e0s margens da rodovia.<\/p>\n<\/div>\n<div class=\"mc-column content-text active-extra-styles \" style=\"text-align: justify;\" data-block-type=\"unstyled\" data-block-weight=\"15\" data-block-id=\"15\">\n<p class=\"content-text__container \" data-track-category=\"Link no Texto\" data-track-links=\"\">A van transportava pacientes de Rancharia que voltavam de tratamento de hemodi\u00e1lise em Presidente Prudente.<\/p>\n<\/div>\n<div class=\"mc-column content-text active-extra-styles \" style=\"text-align: justify;\" data-block-type=\"unstyled\" data-block-weight=\"9\" data-block-id=\"16\">\n<p class=\"content-text__container \" data-track-category=\"Link no Texto\" data-track-links=\"\">O caminh\u00e3o transportava uma carga de placas de vidro.<\/p>\n<\/div>\n<div class=\"mc-column content-text active-extra-styles \" style=\"text-align: justify;\" data-block-type=\"unstyled\" data-block-weight=\"37\" data-block-id=\"17\">\n<p class=\"content-text__container \" data-track-category=\"Link no Texto\" data-track-links=\"\">A Prefeitura de Rancharia decretou luto oficial no munic\u00edpio por sete dias, no per\u00edodo entre 31 de agosto e 6 de setembro, em decorr\u00eancia da como\u00e7\u00e3o gerada pela morte de cinco moradores da cidade vitimados no acidente.<\/p>\n<\/div>\n<div class=\"mc-column content-text active-extra-styles \" data-block-type=\"unstyled\" data-block-weight=\"12\" data-block-id=\"18\">\n<p class=\"content-text__container \" style=\"text-align: justify;\" data-track-category=\"Link no Texto\" data-track-links=\"\">A Pol\u00edcia Civil\u00a0<a href=\"https:\/\/g1.globo.com\/sp\/presidente-prudente-regiao\/noticia\/2019\/09\/01\/policia-civil-abre-inquerito-para-investigar-causas-de-acidente-que-matou-quatro-pessoas-em-martinopolis.ghtml\">abriu um inqu\u00e9rito para investigar as causas<\/a>\u00a0do acidente.<\/p>\n<p style=\"text-align: justify;\" data-track-category=\"Link no Texto\" data-track-links=\"\">Fonte: G1<\/p>\n<\/div>\n<\/div>\n<\/div>\n","protected":false},"excerpt":{"rendered":"<p>Homens morreram carbonizados em decorr\u00eancia da colis\u00e3o entre van, que transportava pacientes de hemodi\u00e1lise, e caminh\u00e3o, em Martin\u00f3polis. Os corpos de quatro pessoas que morreram carbonizadas em um acidente de tr\u00e2nsito no dia 31 de agosto, na Rodovia Homero Severo Lins (SP-284), em\u00a0Martin\u00f3polis (SP), foram sepultados na manh\u00e3 desta quinta-feira (26), no Cemit\u00e9rio Municipal de\u00a0Rancharia [&hellip;]<\/p>\n","protected":false},"author":1,"featured_media":7411,"comment_status":"closed","ping_status":"open","sticky":false,"template":"","format":"standard","meta":{"footnotes":""},"categories":[170,110],"tags":[],"class_list":["post-7409","post","type-post","status-publish","format-standard","has-post-thumbnail","hentry","category-acidentes","category-noticiasdestaque"],"_links":{"self":[{"href":"https:\/\/jorgezanoni.com.br\/2019\/wp-json\/wp\/v2\/posts\/7409","targetHints":{"allow":["GET"]}}],"collection":[{"href":"https:\/\/jorgezanoni.com.br\/2019\/wp-json\/wp\/v2\/posts"}],"about":[{"href":"https:\/\/jorgezanoni.com.br\/2019\/wp-json\/wp\/v2\/types\/post"}],"author":[{"embeddable":true,"href":"https:\/\/jorgezanoni.com.br\/2019\/wp-json\/wp\/v2\/users\/1"}],"replies":[{"embeddable":true,"href":"https:\/\/jorgezanoni.com.br\/2019\/wp-json\/wp\/v2\/comments?post=7409"}],"version-history":[{"count":0,"href":"https:\/\/jorgezanoni.com.br\/2019\/wp-json\/wp\/v2\/posts\/7409\/revisions"}],"wp:featuredmedia":[{"embeddable":true,"href":"https:\/\/jorgezanoni.com.br\/2019\/wp-json\/wp\/v2\/media\/7411"}],"wp:attachment":[{"href":"https:\/\/jorgezanoni.com.br\/2019\/wp-json\/wp\/v2\/media?parent=7409"}],"wp:term":[{"taxonomy":"category","embeddable":true,"href":"https:\/\/jorgezanoni.com.br\/2019\/wp-json\/wp\/v2\/categories?post=7409"},{"taxonomy":"post_tag","embeddable":true,"href":"https:\/\/jorgezanoni.com.br\/2019\/wp-json\/wp\/v2\/tags?post=7409"}],"curies":[{"name":"wp","href":"https:\/\/api.w.org\/{rel}","templated":true}]}}