{"id":74089,"date":"2023-03-16T12:27:35","date_gmt":"2023-03-16T12:27:35","guid":{"rendered":"https:\/\/jorgezanoni.com.br\/2019\/?p=74089"},"modified":"2023-03-16T12:27:35","modified_gmt":"2023-03-16T12:27:35","slug":"dracena-tempersul-unifadra-segue-como-nome-oficial-do-futsal-em-2023","status":"publish","type":"post","link":"https:\/\/jorgezanoni.com.br\/2019\/dracena-tempersul-unifadra-segue-como-nome-oficial-do-futsal-em-2023\/","title":{"rendered":"Dracena Tempersul Unifadra segue como nome oficial do futsal em 2023"},"content":{"rendered":"<p style=\"text-align: justify;\"><i><strong><span style=\"font-size: large;\">Com o patroc\u00ednio master, a marca Unifadra continua sendo divulgada nos principais campeonatos do estado de S\u00e3o Paulo.<\/span><\/strong><br \/>\n<\/i><br \/>\n<span style=\"font-size: large;\">Na sexta-feira (10), os dirigentes do Dracena Tempersul Unifadra Futsal apresentaram a comiss\u00e3o t\u00e9cnica, os patrocinadores e os atletas da temporada 2023, no Audit\u00f3rio da Fundec, mantenedora da Unifadra. O time vai disputar o Campeonato Paulista 2023 da Federa\u00e7\u00e3o de Futsal, que dever\u00e1 ter sua tabela divulgada nos pr\u00f3ximos dias.<\/span><\/p>\n<p><span style=\"font-size: large;\">A a\u00e7\u00e3o contou com a participa\u00e7\u00e3o dos alunos da faculdade e a presen\u00e7a do diretor executivo Edson Kai, do secret\u00e1rio assistente Fernando Nunes, do diretor de contabilidade Ademir Aranda Pacheco e do diretor de finan\u00e7as Paulo Roberto Valeta, representantes da Fundec; al\u00e9m da coordenadora do curso de Educa\u00e7\u00e3o F\u00edsica da Unifadra Denise Bueno e do prefeito Andr\u00e9 Lemos.<\/span><\/p>\n<p><span style=\"font-size: large;\">Na solenidade, Edson Kai disse que entre os pilares de atua\u00e7\u00e3o da Fundec est\u00e1 a valoriza\u00e7\u00e3o do esporte e isso se d\u00e1 atrav\u00e9s do curso de Educa\u00e7\u00e3o F\u00edsica e de parcerias da faculdade com a Prefeitura de Dracena. Edson ainda citou que na parceria que envolve o futsal, iniciada em 2016, existe uma a\u00e7\u00e3o de inser\u00e7\u00e3o dos atletas no mundo universit\u00e1rio, em especial no curso de Educa\u00e7\u00e3o F\u00edsica, com a contrapartida de se dar visibilidade \u00e0s unidades mantidas pela Fundec nas competi\u00e7\u00f5es mais importantes da modalidade no estado de S\u00e3o Paulo.<\/span><\/p>\n<p><span style=\"font-size: large;\">O diretor acad\u00eamico da Unifadra Enio Garbelini relembra que um dos objetivos da parceria \u00e9 proporcionar uma forma\u00e7\u00e3o educacional al\u00e9m da pr\u00e1tica esportiva aos atletas do Dracena Tempersul Unifadra, garantindo um futuro profissional ao final de sua carreira como atleta. Enio ainda comenta que ter jogadores do futsal estudando conosco tamb\u00e9m contribui com o curso de Educa\u00e7\u00e3o F\u00edsica, porque proporciona uma intera\u00e7\u00e3o da viv\u00eancia que eles t\u00eam no esporte de alto rendimento com as pr\u00e1ticas e teorias ensinadas na Unifadra, enriquecendo a forma\u00e7\u00e3o de todos os alunos.<\/span><\/p>\n<p><span style=\"font-size: large;\">Durante o evento, tamb\u00e9m foram apresentados os novos uniformes da equipe e foi exibido o v\u00eddeo institucional da Unifadra.<\/span><\/p>\n<p><img loading=\"lazy\" decoding=\"async\" class=\"alignnone size-full wp-image-74091\" src=\"https:\/\/jorgezanoni.com.br\/2019\/wp-content\/uploads\/2023\/03\/futsal-02.jpeg\" alt=\"\" width=\"1080\" height=\"1422\" srcset=\"https:\/\/jorgezanoni.com.br\/2019\/wp-content\/uploads\/2023\/03\/futsal-02.jpeg 1080w, https:\/\/jorgezanoni.com.br\/2019\/wp-content\/uploads\/2023\/03\/futsal-02-228x300.jpeg 228w, https:\/\/jorgezanoni.com.br\/2019\/wp-content\/uploads\/2023\/03\/futsal-02-778x1024.jpeg 778w, https:\/\/jorgezanoni.com.br\/2019\/wp-content\/uploads\/2023\/03\/futsal-02-768x1011.jpeg 768w, https:\/\/jorgezanoni.com.br\/2019\/wp-content\/uploads\/2023\/03\/futsal-02-696x916.jpeg 696w, https:\/\/jorgezanoni.com.br\/2019\/wp-content\/uploads\/2023\/03\/futsal-02-1068x1406.jpeg 1068w, https:\/\/jorgezanoni.com.br\/2019\/wp-content\/uploads\/2023\/03\/futsal-02-319x420.jpeg 319w\" sizes=\"auto, (max-width: 1080px) 100vw, 1080px\" \/> <img loading=\"lazy\" decoding=\"async\" class=\"alignnone size-full wp-image-74092\" src=\"https:\/\/jorgezanoni.com.br\/2019\/wp-content\/uploads\/2023\/03\/futsal-03.jpeg\" alt=\"\" width=\"1080\" height=\"434\" srcset=\"https:\/\/jorgezanoni.com.br\/2019\/wp-content\/uploads\/2023\/03\/futsal-03.jpeg 1080w, https:\/\/jorgezanoni.com.br\/2019\/wp-content\/uploads\/2023\/03\/futsal-03-300x121.jpeg 300w, https:\/\/jorgezanoni.com.br\/2019\/wp-content\/uploads\/2023\/03\/futsal-03-1024x411.jpeg 1024w, https:\/\/jorgezanoni.com.br\/2019\/wp-content\/uploads\/2023\/03\/futsal-03-768x309.jpeg 768w, https:\/\/jorgezanoni.com.br\/2019\/wp-content\/uploads\/2023\/03\/futsal-03-696x280.jpeg 696w, https:\/\/jorgezanoni.com.br\/2019\/wp-content\/uploads\/2023\/03\/futsal-03-1068x429.jpeg 1068w, https:\/\/jorgezanoni.com.br\/2019\/wp-content\/uploads\/2023\/03\/futsal-03-1045x420.jpeg 1045w\" sizes=\"auto, (max-width: 1080px) 100vw, 1080px\" \/><\/p>\n<p style=\"text-align: justify;\">Fonte: Depto. de Comunica\u00e7\u00e3o da Fundec<\/p>\n<p><span style=\"font-size: large;\">Fotos: Cl\u00e1udio Jos\u00e9 Pasqualeto<\/span><\/p>\n","protected":false},"excerpt":{"rendered":"<p>Com o patroc\u00ednio master, a marca Unifadra continua sendo divulgada nos principais campeonatos do estado de S\u00e3o Paulo. Na sexta-feira (10), os dirigentes do Dracena Tempersul Unifadra Futsal apresentaram a comiss\u00e3o t\u00e9cnica, os patrocinadores e os atletas da temporada 2023, no Audit\u00f3rio da Fundec, mantenedora da Unifadra. O time vai disputar o Campeonato Paulista 2023 [&hellip;]<\/p>\n","protected":false},"author":1,"featured_media":74090,"comment_status":"closed","ping_status":"open","sticky":false,"template":"","format":"standard","meta":{"footnotes":""},"categories":[111,110,122],"tags":[],"class_list":["post-74089","post","type-post","status-publish","format-standard","has-post-thumbnail","hentry","category-esporteecultura","category-noticiasdestaque","category-saudeeducacaoeconcurso"],"_links":{"self":[{"href":"https:\/\/jorgezanoni.com.br\/2019\/wp-json\/wp\/v2\/posts\/74089","targetHints":{"allow":["GET"]}}],"collection":[{"href":"https:\/\/jorgezanoni.com.br\/2019\/wp-json\/wp\/v2\/posts"}],"about":[{"href":"https:\/\/jorgezanoni.com.br\/2019\/wp-json\/wp\/v2\/types\/post"}],"author":[{"embeddable":true,"href":"https:\/\/jorgezanoni.com.br\/2019\/wp-json\/wp\/v2\/users\/1"}],"replies":[{"embeddable":true,"href":"https:\/\/jorgezanoni.com.br\/2019\/wp-json\/wp\/v2\/comments?post=74089"}],"version-history":[{"count":1,"href":"https:\/\/jorgezanoni.com.br\/2019\/wp-json\/wp\/v2\/posts\/74089\/revisions"}],"predecessor-version":[{"id":74094,"href":"https:\/\/jorgezanoni.com.br\/2019\/wp-json\/wp\/v2\/posts\/74089\/revisions\/74094"}],"wp:featuredmedia":[{"embeddable":true,"href":"https:\/\/jorgezanoni.com.br\/2019\/wp-json\/wp\/v2\/media\/74090"}],"wp:attachment":[{"href":"https:\/\/jorgezanoni.com.br\/2019\/wp-json\/wp\/v2\/media?parent=74089"}],"wp:term":[{"taxonomy":"category","embeddable":true,"href":"https:\/\/jorgezanoni.com.br\/2019\/wp-json\/wp\/v2\/categories?post=74089"},{"taxonomy":"post_tag","embeddable":true,"href":"https:\/\/jorgezanoni.com.br\/2019\/wp-json\/wp\/v2\/tags?post=74089"}],"curies":[{"name":"wp","href":"https:\/\/api.w.org\/{rel}","templated":true}]}}