{"id":7406,"date":"2019-09-27T01:39:27","date_gmt":"2019-09-27T01:39:27","guid":{"rendered":"https:\/\/jorgezanoni.com.br\/2019\/?p=7406"},"modified":"2019-09-27T01:39:40","modified_gmt":"2019-09-27T01:39:40","slug":"passageiro-passa-mal-e-morre-durante-voo-da-gol-no-acre","status":"publish","type":"post","link":"https:\/\/jorgezanoni.com.br\/2019\/passageiro-passa-mal-e-morre-durante-voo-da-gol-no-acre\/","title":{"rendered":"Passageiro passa mal e morre durante voo da Gol no Acre"},"content":{"rendered":"<h2 class=\"content-head__subtitle\" style=\"text-align: justify;\"><strong>Voo saiu de Cruzeiro do Sul com destino a Rio Branco, nesta quinta-feira (26). Homem tinha 48 anos e sofria de problemas card\u00edacos e renais, segundo Samu.<\/strong><\/h2>\n<div class=\"mc-column content-text active-extra-styles \" data-block-type=\"unstyled\" data-block-weight=\"67\" data-block-id=\"2\">\n<p class=\"content-text__container \" style=\"text-align: justify;\" data-track-category=\"Link no Texto\" data-track-links=\"\">Um passageiro identificado como Manoel Herminio de Lima, de 48 anos, morreu ap\u00f3s passar mal durante um voo da Gol que saiu de Cruzeiro do Sul, no interior do Acre, para Rio Branco, por volta de 13h43. O caso ocorreu minutos ap\u00f3s a aeronave decolar e teve que retornar para o aeroporto da cidade. A suspeita \u00e9 de que o passageiro tenha sofrido um infarto.<\/p>\n<\/div>\n<div class=\"wall protected-content\">\n<div class=\"mc-column content-text active-extra-styles \" style=\"text-align: justify;\" data-block-type=\"unstyled\" data-block-weight=\"25\" data-block-id=\"3\">\n<p class=\"content-text__container \" data-track-category=\"Link no Texto\" data-track-links=\"\">O passageiro era natural de Ipixuna, no Amazonas. Em nota, a Gol lamentou o ocorrido e disse que prestou os primeiros socorros \u00e0 v\u00edtima.<\/p>\n<\/div>\n<div class=\"mc-column content-text active-extra-styles \" style=\"text-align: justify;\" data-block-type=\"unstyled\" data-block-weight=\"59\" data-block-id=\"4\">\n<p class=\"content-text__container \" data-track-category=\"Link no Texto\" data-track-links=\"\">\u201cA equipe de tripula\u00e7\u00e3o solicitou a presen\u00e7a de um m\u00e9dico a bordo para que realizasse o atendimento de primeiros socorros. O comandante retornou ao aeroporto de origem para que o passageiro recebesse imediatamente os cuidados necess\u00e1rios em solo. Infelizmente, foi constatado o falecimento do cliente. A companhia lamenta o ocorrido e se solidariza, prestando assist\u00eancia aos familiares\u201d, disse.<\/p>\n<\/div>\n<div class=\"mc-column content-text active-extra-styles \" style=\"text-align: justify;\" data-block-type=\"unstyled\" data-block-weight=\"24\" data-block-id=\"5\">\n<p class=\"content-text__container \" data-track-category=\"Link no Texto\" data-track-links=\"\">O Servi\u00e7o de Atendimento M\u00f3vel de Urg\u00eancia (Samu) foi acionado para tentar socorrer o passageiro, mas ele j\u00e1 estava morto dentro do avi\u00e3o.<\/p>\n<\/div>\n<div class=\"mc-column content-text active-extra-styles \" style=\"text-align: justify;\" data-block-type=\"unstyled\" data-block-weight=\"27\" data-block-id=\"6\">\n<p class=\"content-text__container \" data-track-category=\"Link no Texto\" data-track-links=\"\">O Samu informou que havia tr\u00eas m\u00e9dicos dentro da aeronave e confirmou que o passageiro recebeu ajuda dos profissionais enquanto o avi\u00e3o ainda estava no ar.<\/p>\n<\/div>\n<div class=\"mc-column content-text active-extra-styles \" style=\"text-align: justify;\" data-block-type=\"unstyled\" data-block-weight=\"23\" data-block-id=\"8\">\n<p class=\"content-text__container \" data-track-category=\"Link no Texto\" data-track-links=\"\">Ainda segundo o Samu, a fam\u00edlia disse que Lima tinha problemas card\u00edacos e renais. Ele iria para Rio Branco para procedimentos m\u00e9dicos.<\/p>\n<\/div>\n<div data-track-category=\"multicontent\" data-track-action=\"ultimo chunk conteudo\" data-track-noninteraction=\"false\" data-track-scroll=\"view\">\n<div class=\"mc-column content-text active-extra-styles \" data-block-type=\"unstyled\" data-block-weight=\"20\" data-block-id=\"9\">\n<p class=\"content-text__container \" style=\"text-align: justify;\" data-track-category=\"Link no Texto\" data-track-links=\"\">O corpo foi levado para o Hospital do Juru\u00e1 e, em seguida, vai para o Instituto M\u00e9dico Legal (IML).<\/p>\n<p data-track-category=\"Link no Texto\" data-track-links=\"\">Fonte: G1<\/p>\n<\/div>\n<\/div>\n<\/div>\n","protected":false},"excerpt":{"rendered":"<p>Voo saiu de Cruzeiro do Sul com destino a Rio Branco, nesta quinta-feira (26). Homem tinha 48 anos e sofria de problemas card\u00edacos e renais, segundo Samu. Um passageiro identificado como Manoel Herminio de Lima, de 48 anos, morreu ap\u00f3s passar mal durante um voo da Gol que saiu de Cruzeiro do Sul, no interior [&hellip;]<\/p>\n","protected":false},"author":1,"featured_media":7407,"comment_status":"closed","ping_status":"open","sticky":false,"template":"","format":"standard","meta":{"footnotes":""},"categories":[114,110],"tags":[],"class_list":["post-7406","post","type-post","status-publish","format-standard","has-post-thumbnail","hentry","category-geralecomercio","category-noticiasdestaque"],"_links":{"self":[{"href":"https:\/\/jorgezanoni.com.br\/2019\/wp-json\/wp\/v2\/posts\/7406","targetHints":{"allow":["GET"]}}],"collection":[{"href":"https:\/\/jorgezanoni.com.br\/2019\/wp-json\/wp\/v2\/posts"}],"about":[{"href":"https:\/\/jorgezanoni.com.br\/2019\/wp-json\/wp\/v2\/types\/post"}],"author":[{"embeddable":true,"href":"https:\/\/jorgezanoni.com.br\/2019\/wp-json\/wp\/v2\/users\/1"}],"replies":[{"embeddable":true,"href":"https:\/\/jorgezanoni.com.br\/2019\/wp-json\/wp\/v2\/comments?post=7406"}],"version-history":[{"count":0,"href":"https:\/\/jorgezanoni.com.br\/2019\/wp-json\/wp\/v2\/posts\/7406\/revisions"}],"wp:featuredmedia":[{"embeddable":true,"href":"https:\/\/jorgezanoni.com.br\/2019\/wp-json\/wp\/v2\/media\/7407"}],"wp:attachment":[{"href":"https:\/\/jorgezanoni.com.br\/2019\/wp-json\/wp\/v2\/media?parent=7406"}],"wp:term":[{"taxonomy":"category","embeddable":true,"href":"https:\/\/jorgezanoni.com.br\/2019\/wp-json\/wp\/v2\/categories?post=7406"},{"taxonomy":"post_tag","embeddable":true,"href":"https:\/\/jorgezanoni.com.br\/2019\/wp-json\/wp\/v2\/tags?post=7406"}],"curies":[{"name":"wp","href":"https:\/\/api.w.org\/{rel}","templated":true}]}}