{"id":74058,"date":"2023-03-16T00:28:53","date_gmt":"2023-03-16T00:28:53","guid":{"rendered":"https:\/\/jorgezanoni.com.br\/2019\/?p=74058"},"modified":"2023-03-16T00:28:53","modified_gmt":"2023-03-16T00:28:53","slug":"lhn-consultoria-para-um-ambiente-alem-do-trabalho","status":"publish","type":"post","link":"https:\/\/jorgezanoni.com.br\/2019\/lhn-consultoria-para-um-ambiente-alem-do-trabalho\/","title":{"rendered":"LHN CONSULTORIA: Para um Ambiente al\u00e9m do trabalho&#8230;"},"content":{"rendered":"<p style=\"text-align: justify;\"><strong><em>\u201cA responsabilidade social e a preserva\u00e7\u00e3o ambiental significa um compromisso com a vida.\u201d (<\/em><\/strong><a href=\"https:\/\/www.pensador.com\/autor\/joao_bosco_da_silva\/\"><strong><em>Jo\u00e3o Bosco da Silva<\/em><\/strong><\/a><strong><em>)<\/em><\/strong><strong><em>\u00a0\u00a0\u00a0\u00a0\u00a0\u00a0\u00a0\u00a0\u00a0\u00a0\u00a0\u00a0\u00a0\u00a0\u00a0\u00a0\u00a0\u00a0\u00a0\u00a0\u00a0\u00a0\u00a0\u00a0 <\/em><\/strong><\/p>\n<p style=\"text-align: justify;\"><strong><em>S\u00e9rgio Barbosa \/ Assessoria-ACEAdamantina<\/em><\/strong><\/p>\n<p style=\"text-align: justify;\">Em tempo de muitas preocupa\u00e7\u00f5es com o contexto que envolve as \u00e1reas AMBIENTAL e SEGURAN\u00c7A DO TRABALHO, deve-se levar com considera\u00e7\u00e3o as necessidades com a qualidade de vida para um olhar al\u00e9m do senso comum&#8230;<\/p>\n<p style=\"text-align: justify;\">Assim, o\/a PROFISSIONAL deste tempo novo tempo deve estar antenado com as CAUSAS que visam preservar a NATUREZA, bem como, oferecer CONDI\u00c7\u00d5ES para que o TRABALHO possa estar de acordo com todas as NORMAS DE SEGURAN\u00c7A&#8230;<\/p>\n<p style=\"text-align: justify;\">Nem sempre \u00e9 poss\u00edvel estar de acordo com todas as EXIG\u00caNCIAS mediadas pelo MERCADO, haja vista que o PROFISSIONAL que atua nesta \u00e1rea, ou seja, o\/a ENGENHEIRO\/A AMBIENTAL deve estar atento aos procedimentos necess\u00e1rios para uma aproxima\u00e7\u00e3o entre a TEORIA e a PRAXIS que o MERCADO desenvolve em nome do DESENVOLVIMENTO&#8230;<\/p>\n<p style=\"text-align: justify;\">Entretanto, a LHN CONSULTORIA est\u00e1 ciente das responsabilidades que envolvem suas \u00e1reas de atua\u00e7\u00e3o, ou seja, quest\u00f5es AMBIENTAIS, bem como, a SEGURAN\u00c7A DO TRABALHO&#8230;<\/p>\n<p style=\"text-align: justify;\">Para estar de acordo com tais quest\u00f5es, o Engenheiro Ambiental, LEONARDO HENRIQUE DO NASCIMENTO, casado com NAT\u00c1LIA BONATTO MORINI, Nutricionista, ainda, est\u00e1 CONECTADO com as diversas possibilidades que o MERCADO proporciona na \u00e1rea AMBIENTAL, tamb\u00e9m, nas quest\u00f5es que envolvem o quesito SEGURAN\u00c7A&#8230;<\/p>\n<p style=\"text-align: justify;\">Tamb\u00e9m, a LHN CONSULTORIA vem atuando no MERCADO desde 2.016 com presta\u00e7\u00e3o de servi\u00e7os para um ATENDIMENTO RESPONS\u00c1VEL e compat\u00edvel com as EXIG\u00caNCIAS dos CLIENTES&#8230;<\/p>\n<p style=\"text-align: justify;\">A ORGANIZA\u00c7\u00c3O busca proporcionar sempre um DIFERENCIAL, ou seja, \u00a0que est\u00e1 mediado pelas NECESSIDADES por meio da EFIC\u00c1CIA e PRESTA\u00c7\u00c3O DE SERVI\u00c7OS com solu\u00e7\u00f5es CRIATIVAS e espec\u00edficas para cada CLIENTE nas \u00e1reas da Gest\u00e3o, Projetos em Geral, Licenciamentos, Presta\u00e7\u00e3o de Cursos e Palestras T\u00e9cnicas, bem como, realiza\u00e7\u00e3o e emiss\u00e3o de Laudos T\u00e9cnicos&#8230;<\/p>\n<p style=\"text-align: justify;\">A LHN CONSULTORIA est\u00e1 sob a responsabilidade t\u00e9cnica e operacional do Engenheiro Ambiental, LEONARDO HENRIQUE DO NASCIMENTO, diplomado pela UniFAI (2.012) e possui ESPECIALIZA\u00c7\u00c3O em ENGENHARIA DE SEGURAN\u00c7A DO TRABALHO (2.015) nesta institui\u00e7\u00e3o&#8230;<\/p>\n<p style=\"text-align: justify;\">Deve-se considerar que a LHN CONSULTORIA busca atender de todas as formas o\/a CLIENTE, ainda, sempre considerando oferecer as melhores possibilidades quanto aos CUSTOS, tendo em vista que a INOVA\u00c7\u00c3O se faz com EFICI\u00caNCIA DE VALORES&#8230;<\/p>\n<p style=\"text-align: justify;\">Atuar de forma EFETIVA no MERCADO para fazer a diferen\u00e7a em tempo de novas EXIG\u00caNCIAS que envolvem a SUSTENTABILIDADE e o PLANAJAMENTO AMBIENTAL, tendo em vista que est\u00e3o inseridas na proposta mercadol\u00f3gica da LHN CONSULTORIA, ainda, com atua\u00e7\u00e3o de uma EQUIPE T\u00c9CNICA MULTIDISCPLINAR e ACERVO T\u00c9CNICO para oferecer APOIO INTEGRAL para os CLIENTES&#8230;&#8230;<\/p>\n<p><img loading=\"lazy\" decoding=\"async\" class=\"alignnone size-full wp-image-74059\" src=\"https:\/\/jorgezanoni.com.br\/2019\/wp-content\/uploads\/2023\/03\/z-leo-Pequeno.jpg\" alt=\"\" width=\"342\" height=\"854\" srcset=\"https:\/\/jorgezanoni.com.br\/2019\/wp-content\/uploads\/2023\/03\/z-leo-Pequeno.jpg 342w, https:\/\/jorgezanoni.com.br\/2019\/wp-content\/uploads\/2023\/03\/z-leo-Pequeno-120x300.jpg 120w, https:\/\/jorgezanoni.com.br\/2019\/wp-content\/uploads\/2023\/03\/z-leo-Pequeno-168x420.jpg 168w\" sizes=\"auto, (max-width: 342px) 100vw, 342px\" \/> <img loading=\"lazy\" decoding=\"async\" class=\"alignnone size-full wp-image-74060\" src=\"https:\/\/jorgezanoni.com.br\/2019\/wp-content\/uploads\/2023\/03\/z-leo1-Pequeno.jpg\" alt=\"\" width=\"640\" height=\"480\" srcset=\"https:\/\/jorgezanoni.com.br\/2019\/wp-content\/uploads\/2023\/03\/z-leo1-Pequeno.jpg 640w, https:\/\/jorgezanoni.com.br\/2019\/wp-content\/uploads\/2023\/03\/z-leo1-Pequeno-300x225.jpg 300w, https:\/\/jorgezanoni.com.br\/2019\/wp-content\/uploads\/2023\/03\/z-leo1-Pequeno-80x60.jpg 80w, https:\/\/jorgezanoni.com.br\/2019\/wp-content\/uploads\/2023\/03\/z-leo1-Pequeno-265x198.jpg 265w, https:\/\/jorgezanoni.com.br\/2019\/wp-content\/uploads\/2023\/03\/z-leo1-Pequeno-560x420.jpg 560w\" sizes=\"auto, (max-width: 640px) 100vw, 640px\" \/> <img loading=\"lazy\" decoding=\"async\" class=\"alignnone size-full wp-image-74061\" src=\"https:\/\/jorgezanoni.com.br\/2019\/wp-content\/uploads\/2023\/03\/z-leo2-Pequeno.jpg\" alt=\"\" width=\"853\" height=\"480\" srcset=\"https:\/\/jorgezanoni.com.br\/2019\/wp-content\/uploads\/2023\/03\/z-leo2-Pequeno.jpg 853w, https:\/\/jorgezanoni.com.br\/2019\/wp-content\/uploads\/2023\/03\/z-leo2-Pequeno-300x169.jpg 300w, https:\/\/jorgezanoni.com.br\/2019\/wp-content\/uploads\/2023\/03\/z-leo2-Pequeno-768x432.jpg 768w, https:\/\/jorgezanoni.com.br\/2019\/wp-content\/uploads\/2023\/03\/z-leo2-Pequeno-696x392.jpg 696w, https:\/\/jorgezanoni.com.br\/2019\/wp-content\/uploads\/2023\/03\/z-leo2-Pequeno-746x420.jpg 746w\" sizes=\"auto, (max-width: 853px) 100vw, 853px\" \/> <img loading=\"lazy\" decoding=\"async\" class=\"alignnone size-full wp-image-74062\" src=\"https:\/\/jorgezanoni.com.br\/2019\/wp-content\/uploads\/2023\/03\/z-leo3-Pequeno.jpg\" alt=\"\" width=\"838\" height=\"480\" srcset=\"https:\/\/jorgezanoni.com.br\/2019\/wp-content\/uploads\/2023\/03\/z-leo3-Pequeno.jpg 838w, https:\/\/jorgezanoni.com.br\/2019\/wp-content\/uploads\/2023\/03\/z-leo3-Pequeno-300x172.jpg 300w, https:\/\/jorgezanoni.com.br\/2019\/wp-content\/uploads\/2023\/03\/z-leo3-Pequeno-768x440.jpg 768w, https:\/\/jorgezanoni.com.br\/2019\/wp-content\/uploads\/2023\/03\/z-leo3-Pequeno-696x399.jpg 696w, https:\/\/jorgezanoni.com.br\/2019\/wp-content\/uploads\/2023\/03\/z-leo3-Pequeno-733x420.jpg 733w\" sizes=\"auto, (max-width: 838px) 100vw, 838px\" \/><\/p>\n<p>&nbsp;<\/p>\n","protected":false},"excerpt":{"rendered":"<p>\u201cA responsabilidade social e a preserva\u00e7\u00e3o ambiental significa um compromisso com a vida.\u201d (Jo\u00e3o Bosco da Silva)\u00a0\u00a0\u00a0\u00a0\u00a0\u00a0\u00a0\u00a0\u00a0\u00a0\u00a0\u00a0\u00a0\u00a0\u00a0\u00a0\u00a0\u00a0\u00a0\u00a0\u00a0\u00a0\u00a0\u00a0 S\u00e9rgio Barbosa \/ Assessoria-ACEAdamantina Em tempo de muitas preocupa\u00e7\u00f5es com o contexto que envolve as \u00e1reas AMBIENTAL e SEGURAN\u00c7A DO TRABALHO, deve-se levar com considera\u00e7\u00e3o as necessidades com a qualidade de vida para um olhar al\u00e9m do senso [&hellip;]<\/p>\n","protected":false},"author":1,"featured_media":74063,"comment_status":"closed","ping_status":"open","sticky":false,"template":"","format":"standard","meta":{"footnotes":""},"categories":[195,110],"tags":[],"class_list":["post-74058","post","type-post","status-publish","format-standard","has-post-thumbnail","hentry","category-adamantina","category-noticiasdestaque"],"_links":{"self":[{"href":"https:\/\/jorgezanoni.com.br\/2019\/wp-json\/wp\/v2\/posts\/74058","targetHints":{"allow":["GET"]}}],"collection":[{"href":"https:\/\/jorgezanoni.com.br\/2019\/wp-json\/wp\/v2\/posts"}],"about":[{"href":"https:\/\/jorgezanoni.com.br\/2019\/wp-json\/wp\/v2\/types\/post"}],"author":[{"embeddable":true,"href":"https:\/\/jorgezanoni.com.br\/2019\/wp-json\/wp\/v2\/users\/1"}],"replies":[{"embeddable":true,"href":"https:\/\/jorgezanoni.com.br\/2019\/wp-json\/wp\/v2\/comments?post=74058"}],"version-history":[{"count":1,"href":"https:\/\/jorgezanoni.com.br\/2019\/wp-json\/wp\/v2\/posts\/74058\/revisions"}],"predecessor-version":[{"id":74065,"href":"https:\/\/jorgezanoni.com.br\/2019\/wp-json\/wp\/v2\/posts\/74058\/revisions\/74065"}],"wp:featuredmedia":[{"embeddable":true,"href":"https:\/\/jorgezanoni.com.br\/2019\/wp-json\/wp\/v2\/media\/74063"}],"wp:attachment":[{"href":"https:\/\/jorgezanoni.com.br\/2019\/wp-json\/wp\/v2\/media?parent=74058"}],"wp:term":[{"taxonomy":"category","embeddable":true,"href":"https:\/\/jorgezanoni.com.br\/2019\/wp-json\/wp\/v2\/categories?post=74058"},{"taxonomy":"post_tag","embeddable":true,"href":"https:\/\/jorgezanoni.com.br\/2019\/wp-json\/wp\/v2\/tags?post=74058"}],"curies":[{"name":"wp","href":"https:\/\/api.w.org\/{rel}","templated":true}]}}