{"id":74047,"date":"2023-03-15T01:56:14","date_gmt":"2023-03-15T01:56:14","guid":{"rendered":"https:\/\/jorgezanoni.com.br\/2019\/?p=74047"},"modified":"2023-03-15T01:56:14","modified_gmt":"2023-03-15T01:56:14","slug":"policia-civil-prende-suspeito-de-praticar-crimes-de-lesao-corporal-dolosa-e-ameaca-contra-a-companheira-em-panorama","status":"publish","type":"post","link":"https:\/\/jorgezanoni.com.br\/2019\/policia-civil-prende-suspeito-de-praticar-crimes-de-lesao-corporal-dolosa-e-ameaca-contra-a-companheira-em-panorama\/","title":{"rendered":"Pol\u00edcia Civil prende suspeito de praticar crimes de les\u00e3o corporal dolosa e amea\u00e7a contra a companheira em Panorama"},"content":{"rendered":"<p style=\"text-align: justify;\">A Pol\u00edcia Civil, por interm\u00e9dio da Delegacia de Pol\u00edcia de Panorama, com apoio operacional de agentes do Grupo de Opera\u00e7\u00f5es Especiais, cumpriu nesta ter\u00e7a-feira (14), um mandado de pris\u00e3o preventiva em desfavor de um homem de 36 anos, acusado ter provocado les\u00e3o corporal dolosa e amea\u00e7a a uma mulher. O homem teve o respectivo mandado de pris\u00e3o foi cumprido em sua resid\u00eancia, que fica no bairro Potiguara, em Panorama-SP.<br \/>\nA pris\u00e3o efetivada, nesta quarta-feira (14), \u00e9 decorrente de um inqu\u00e9rito instaurado pela Delegacia de Pol\u00edcia de Panorama, que apurava no \u00e2mbito da Lei Maria da Penha, agress\u00f5es f\u00edsicas e amea\u00e7as praticados pelo suspeito contra uma mulher.<br \/>\nEm depoimento, durante o tr\u00e2mite do procedimento policial, a mulher esclareceu ter conhecido o tal homem em uma \u201cbalada\u201d, e ent\u00e3o, passaram se relacionar esporadicamente. Por\u00e9m, como ela n\u00e3o queria mais manter o evento casual, o acusado teria aceitando e passou a agredir com socos e pontap\u00e9s.<br \/>\nA v\u00edtima alegou tamb\u00e9m que o suspeito a teria amea\u00e7ado com uma arma de fogo. A Pol\u00edcia Civil realizou a busca no im\u00f3vel do homem, contudo nada de il\u00edcito foi encontrado.<br \/>\nAo ser preso, o homem foi apresentado na Delegacia de Pol\u00edcia de Panorama, onde permaneceu \u00e0 disposi\u00e7\u00e3o da Justi\u00e7a. O acusado j\u00e1 possui antecedentes criminais e condena\u00e7\u00f5es por crimes de les\u00e3o corporal e homic\u00eddio, e estava em liberdade provis\u00f3ria.<\/p>\n<p><img loading=\"lazy\" decoding=\"async\" class=\"alignnone size-full wp-image-74049\" src=\"https:\/\/jorgezanoni.com.br\/2019\/wp-content\/uploads\/2023\/03\/z-pau1.jpg\" alt=\"\" width=\"700\" height=\"393\" srcset=\"https:\/\/jorgezanoni.com.br\/2019\/wp-content\/uploads\/2023\/03\/z-pau1.jpg 700w, https:\/\/jorgezanoni.com.br\/2019\/wp-content\/uploads\/2023\/03\/z-pau1-300x168.jpg 300w, https:\/\/jorgezanoni.com.br\/2019\/wp-content\/uploads\/2023\/03\/z-pau1-696x391.jpg 696w\" sizes=\"auto, (max-width: 700px) 100vw, 700px\" \/><\/p>\n<p>Fonte: Com. Social Pol\u00edcia Civil<\/p>\n","protected":false},"excerpt":{"rendered":"<p>A Pol\u00edcia Civil, por interm\u00e9dio da Delegacia de Pol\u00edcia de Panorama, com apoio operacional de agentes do Grupo de Opera\u00e7\u00f5es Especiais, cumpriu nesta ter\u00e7a-feira (14), um mandado de pris\u00e3o preventiva em desfavor de um homem de 36 anos, acusado ter provocado les\u00e3o corporal dolosa e amea\u00e7a a uma mulher. O homem teve o respectivo mandado [&hellip;]<\/p>\n","protected":false},"author":1,"featured_media":74048,"comment_status":"closed","ping_status":"open","sticky":false,"template":"","format":"standard","meta":{"footnotes":""},"categories":[110,2],"tags":[],"class_list":["post-74047","post","type-post","status-publish","format-standard","has-post-thumbnail","hentry","category-noticiasdestaque","category-policial"],"_links":{"self":[{"href":"https:\/\/jorgezanoni.com.br\/2019\/wp-json\/wp\/v2\/posts\/74047","targetHints":{"allow":["GET"]}}],"collection":[{"href":"https:\/\/jorgezanoni.com.br\/2019\/wp-json\/wp\/v2\/posts"}],"about":[{"href":"https:\/\/jorgezanoni.com.br\/2019\/wp-json\/wp\/v2\/types\/post"}],"author":[{"embeddable":true,"href":"https:\/\/jorgezanoni.com.br\/2019\/wp-json\/wp\/v2\/users\/1"}],"replies":[{"embeddable":true,"href":"https:\/\/jorgezanoni.com.br\/2019\/wp-json\/wp\/v2\/comments?post=74047"}],"version-history":[{"count":1,"href":"https:\/\/jorgezanoni.com.br\/2019\/wp-json\/wp\/v2\/posts\/74047\/revisions"}],"predecessor-version":[{"id":74050,"href":"https:\/\/jorgezanoni.com.br\/2019\/wp-json\/wp\/v2\/posts\/74047\/revisions\/74050"}],"wp:featuredmedia":[{"embeddable":true,"href":"https:\/\/jorgezanoni.com.br\/2019\/wp-json\/wp\/v2\/media\/74048"}],"wp:attachment":[{"href":"https:\/\/jorgezanoni.com.br\/2019\/wp-json\/wp\/v2\/media?parent=74047"}],"wp:term":[{"taxonomy":"category","embeddable":true,"href":"https:\/\/jorgezanoni.com.br\/2019\/wp-json\/wp\/v2\/categories?post=74047"},{"taxonomy":"post_tag","embeddable":true,"href":"https:\/\/jorgezanoni.com.br\/2019\/wp-json\/wp\/v2\/tags?post=74047"}],"curies":[{"name":"wp","href":"https:\/\/api.w.org\/{rel}","templated":true}]}}