{"id":7403,"date":"2019-09-27T01:09:57","date_gmt":"2019-09-27T01:09:57","guid":{"rendered":"https:\/\/jorgezanoni.com.br\/2019\/?p=7403"},"modified":"2019-09-27T01:09:57","modified_gmt":"2019-09-27T01:09:57","slug":"cancer-se-agrava-e-medicos-desenganam-locutor-de-rodeios-asa-branca","status":"publish","type":"post","link":"https:\/\/jorgezanoni.com.br\/2019\/cancer-se-agrava-e-medicos-desenganam-locutor-de-rodeios-asa-branca\/","title":{"rendered":"C\u00e2ncer se agrava e m\u00e9dicos desenganam locutor de rodeios, Asa Branca"},"content":{"rendered":"<h2 class=\"summary\" style=\"text-align: justify;\"><strong>Locutor est\u00e1 internado no Instituto do C\u00e2ncer em S\u00e3o Paulo.<\/strong><\/h2>\n<p style=\"text-align: justify;\">O locutor de rodeios Waldemar Ruy dos Santos, conhecido como, Asa Branca, 57 anos, que est\u00e1 internado no Instituto do C\u00e2ncer em S\u00e3o Paulo, desde o dia 12 de setembro, devido a um c\u00e2ncer agressivo na garganta, est\u00e1 desenganado pelos m\u00e9dicos. Segundo sua esposa, \u201cn\u00e3o h\u00e1 mais o que fazer a n\u00e3o ser estar do lado dele o tempo todo e rezar\u201d.<\/p>\n<p style=\"text-align: justify;\">Fonte: https:\/\/ivinoticias.com.br\/noticia\/91943\/cancer-se-agrava-e-medicos-desenganam-locutor-de-rodeios&#8211;asa-branca<\/p>\n","protected":false},"excerpt":{"rendered":"<p>Locutor est\u00e1 internado no Instituto do C\u00e2ncer em S\u00e3o Paulo. O locutor de rodeios Waldemar Ruy dos Santos, conhecido como, Asa Branca, 57 anos, que est\u00e1 internado no Instituto do C\u00e2ncer em S\u00e3o Paulo, desde o dia 12 de setembro, devido a um c\u00e2ncer agressivo na garganta, est\u00e1 desenganado pelos m\u00e9dicos. Segundo sua esposa, \u201cn\u00e3o [&hellip;]<\/p>\n","protected":false},"author":1,"featured_media":7404,"comment_status":"closed","ping_status":"open","sticky":false,"template":"","format":"standard","meta":{"footnotes":""},"categories":[114,110],"tags":[],"class_list":["post-7403","post","type-post","status-publish","format-standard","has-post-thumbnail","hentry","category-geralecomercio","category-noticiasdestaque"],"_links":{"self":[{"href":"https:\/\/jorgezanoni.com.br\/2019\/wp-json\/wp\/v2\/posts\/7403","targetHints":{"allow":["GET"]}}],"collection":[{"href":"https:\/\/jorgezanoni.com.br\/2019\/wp-json\/wp\/v2\/posts"}],"about":[{"href":"https:\/\/jorgezanoni.com.br\/2019\/wp-json\/wp\/v2\/types\/post"}],"author":[{"embeddable":true,"href":"https:\/\/jorgezanoni.com.br\/2019\/wp-json\/wp\/v2\/users\/1"}],"replies":[{"embeddable":true,"href":"https:\/\/jorgezanoni.com.br\/2019\/wp-json\/wp\/v2\/comments?post=7403"}],"version-history":[{"count":0,"href":"https:\/\/jorgezanoni.com.br\/2019\/wp-json\/wp\/v2\/posts\/7403\/revisions"}],"wp:featuredmedia":[{"embeddable":true,"href":"https:\/\/jorgezanoni.com.br\/2019\/wp-json\/wp\/v2\/media\/7404"}],"wp:attachment":[{"href":"https:\/\/jorgezanoni.com.br\/2019\/wp-json\/wp\/v2\/media?parent=7403"}],"wp:term":[{"taxonomy":"category","embeddable":true,"href":"https:\/\/jorgezanoni.com.br\/2019\/wp-json\/wp\/v2\/categories?post=7403"},{"taxonomy":"post_tag","embeddable":true,"href":"https:\/\/jorgezanoni.com.br\/2019\/wp-json\/wp\/v2\/tags?post=7403"}],"curies":[{"name":"wp","href":"https:\/\/api.w.org\/{rel}","templated":true}]}}