{"id":73989,"date":"2023-03-12T21:33:36","date_gmt":"2023-03-12T21:33:36","guid":{"rendered":"https:\/\/jorgezanoni.com.br\/2019\/?p=73989"},"modified":"2023-03-12T21:33:36","modified_gmt":"2023-03-12T21:33:36","slug":"gremio-da-escola-oscar-pedroso-horta-de-santa-mercedes-realiza-o-projeto-futuro-da-nossa-geracao","status":"publish","type":"post","link":"https:\/\/jorgezanoni.com.br\/2019\/gremio-da-escola-oscar-pedroso-horta-de-santa-mercedes-realiza-o-projeto-futuro-da-nossa-geracao\/","title":{"rendered":"Gr\u00eamio da Escola Oscar Pedroso Horta de Santa Mercedes realiza o projeto &#8220;Futuro da Nossa Gera\u00e7\u00e3o&#8221;"},"content":{"rendered":"<p style=\"text-align: justify;\">O Gr\u00eamio Estudantil da EE MINISTRO OSCAR PEDROSO HORTA, de Santa Mercedes \u201cTIME POWER\u201d realiza desde 2022 o projeto \u201cO FUTURO DA NOSSA GERA\u00c7\u00c3O\u201d,\u00a0 o qual foi idealizado pelo estudante gremista RICHARD HUGO DA ORA CRUZ. A a\u00e7\u00e3o se desenvolve atrav\u00e9s de ciclos de palestras ministradas por profissionais que podem colaborar de alguma forma com o projeto de vida dos estudantes, tendo como p\u00fablico alvo todas as s\u00e9ries do ensino m\u00e9dio.\u00a0 As a\u00e7\u00f5es pretendem motivar os estudantes atrav\u00e9s de ciclos de palestras que procuram mostrar a realidade vivida durante e ap\u00f3s a trajet\u00f3ria escolar. No dia 10\/03\/2023 em parceria com a empresa PERFIL EMPREGOS foi realizada palestra sobre \u201cempreendedorismo\u201d com o palestrante SANDRO BORDONI, coach, analista comportamental, graf\u00f3logo, analista de RH, apontando caminhos para o sucesso profissional. J\u00e1 foram realizadas palestras com a equipe SICRED palestrantes Simone Morais Rodero, Larissa Ferrari de Souza Regiane e Luana Marqueti com o tema \u201cEduca\u00e7\u00e3o Financeira\u201d, em duas edi\u00e7\u00f5es, a primeira com o Ensino Fundamental, por indica\u00e7\u00e3o da Diretoria de Ensino de Adamantina e a segunda vez para o Ensino M\u00e9dio a convite do Gr\u00eamio Estudantil, mostrando a import\u00e2ncia da organiza\u00e7\u00e3o financeira para todas as profiss\u00f5es. Tamb\u00e9m foi realizada palestra com o ex aluno e atual prefeito da cidade de Santa Mercedes Sr Valdir Verona sobre \u201crelato de vida\u201d, destacando que o prefeito teve uma longa trajet\u00f3ria pela escola, come\u00e7ando como aluno tendo exercido as fun\u00e7\u00f5es de secret\u00e1rio de escola, professor, coordenador, vice-diretor e diretor, ap\u00f3s aposentadoria foi eleito prefeito da cidade, demonstrando a import\u00e2ncia da escola e do conhecimento para a vida e para a profiss\u00e3o. O projeto se desenvolver\u00e1 ao longo do ano letivo com profissionais de diferentes segmentos com o intuito de motivar e incentivar a forma\u00e7\u00e3o e o crescimento dos estudantes.<\/p>\n<p><img loading=\"lazy\" decoding=\"async\" class=\"alignnone size-full wp-image-73990\" src=\"https:\/\/jorgezanoni.com.br\/2019\/wp-content\/uploads\/2023\/03\/z-sandro.jpg\" alt=\"\" width=\"1200\" height=\"1600\" srcset=\"https:\/\/jorgezanoni.com.br\/2019\/wp-content\/uploads\/2023\/03\/z-sandro.jpg 1200w, https:\/\/jorgezanoni.com.br\/2019\/wp-content\/uploads\/2023\/03\/z-sandro-225x300.jpg 225w, https:\/\/jorgezanoni.com.br\/2019\/wp-content\/uploads\/2023\/03\/z-sandro-768x1024.jpg 768w, https:\/\/jorgezanoni.com.br\/2019\/wp-content\/uploads\/2023\/03\/z-sandro-1152x1536.jpg 1152w, https:\/\/jorgezanoni.com.br\/2019\/wp-content\/uploads\/2023\/03\/z-sandro-696x928.jpg 696w, https:\/\/jorgezanoni.com.br\/2019\/wp-content\/uploads\/2023\/03\/z-sandro-1068x1424.jpg 1068w, https:\/\/jorgezanoni.com.br\/2019\/wp-content\/uploads\/2023\/03\/z-sandro-315x420.jpg 315w\" sizes=\"auto, (max-width: 1200px) 100vw, 1200px\" \/><img loading=\"lazy\" decoding=\"async\" class=\"alignnone size-full wp-image-73991\" src=\"https:\/\/jorgezanoni.com.br\/2019\/wp-content\/uploads\/2023\/03\/sandro-1.jpg\" alt=\"\" width=\"1200\" height=\"1600\" srcset=\"https:\/\/jorgezanoni.com.br\/2019\/wp-content\/uploads\/2023\/03\/sandro-1.jpg 1200w, https:\/\/jorgezanoni.com.br\/2019\/wp-content\/uploads\/2023\/03\/sandro-1-225x300.jpg 225w, https:\/\/jorgezanoni.com.br\/2019\/wp-content\/uploads\/2023\/03\/sandro-1-768x1024.jpg 768w, https:\/\/jorgezanoni.com.br\/2019\/wp-content\/uploads\/2023\/03\/sandro-1-1152x1536.jpg 1152w, https:\/\/jorgezanoni.com.br\/2019\/wp-content\/uploads\/2023\/03\/sandro-1-696x928.jpg 696w, https:\/\/jorgezanoni.com.br\/2019\/wp-content\/uploads\/2023\/03\/sandro-1-1068x1424.jpg 1068w, https:\/\/jorgezanoni.com.br\/2019\/wp-content\/uploads\/2023\/03\/sandro-1-315x420.jpg 315w\" sizes=\"auto, (max-width: 1200px) 100vw, 1200px\" \/> <img loading=\"lazy\" decoding=\"async\" class=\"alignnone size-full wp-image-73992\" src=\"https:\/\/jorgezanoni.com.br\/2019\/wp-content\/uploads\/2023\/03\/sandro-2.jpg\" alt=\"\" width=\"900\" height=\"1600\" srcset=\"https:\/\/jorgezanoni.com.br\/2019\/wp-content\/uploads\/2023\/03\/sandro-2.jpg 900w, https:\/\/jorgezanoni.com.br\/2019\/wp-content\/uploads\/2023\/03\/sandro-2-169x300.jpg 169w, https:\/\/jorgezanoni.com.br\/2019\/wp-content\/uploads\/2023\/03\/sandro-2-576x1024.jpg 576w, https:\/\/jorgezanoni.com.br\/2019\/wp-content\/uploads\/2023\/03\/sandro-2-768x1365.jpg 768w, https:\/\/jorgezanoni.com.br\/2019\/wp-content\/uploads\/2023\/03\/sandro-2-864x1536.jpg 864w, https:\/\/jorgezanoni.com.br\/2019\/wp-content\/uploads\/2023\/03\/sandro-2-696x1237.jpg 696w, https:\/\/jorgezanoni.com.br\/2019\/wp-content\/uploads\/2023\/03\/sandro-2-236x420.jpg 236w\" sizes=\"auto, (max-width: 900px) 100vw, 900px\" \/>Palestra empreendedorismo Sandro Bordoni<\/p>\n<p><img loading=\"lazy\" decoding=\"async\" class=\"alignnone size-full wp-image-73993\" src=\"https:\/\/jorgezanoni.com.br\/2019\/wp-content\/uploads\/2023\/03\/z-sicredi.jpg\" alt=\"\" width=\"1600\" height=\"1200\" srcset=\"https:\/\/jorgezanoni.com.br\/2019\/wp-content\/uploads\/2023\/03\/z-sicredi.jpg 1600w, https:\/\/jorgezanoni.com.br\/2019\/wp-content\/uploads\/2023\/03\/z-sicredi-300x225.jpg 300w, https:\/\/jorgezanoni.com.br\/2019\/wp-content\/uploads\/2023\/03\/z-sicredi-1024x768.jpg 1024w, https:\/\/jorgezanoni.com.br\/2019\/wp-content\/uploads\/2023\/03\/z-sicredi-768x576.jpg 768w, https:\/\/jorgezanoni.com.br\/2019\/wp-content\/uploads\/2023\/03\/z-sicredi-1536x1152.jpg 1536w, https:\/\/jorgezanoni.com.br\/2019\/wp-content\/uploads\/2023\/03\/z-sicredi-80x60.jpg 80w, https:\/\/jorgezanoni.com.br\/2019\/wp-content\/uploads\/2023\/03\/z-sicredi-265x198.jpg 265w, https:\/\/jorgezanoni.com.br\/2019\/wp-content\/uploads\/2023\/03\/z-sicredi-696x522.jpg 696w, https:\/\/jorgezanoni.com.br\/2019\/wp-content\/uploads\/2023\/03\/z-sicredi-1068x801.jpg 1068w, https:\/\/jorgezanoni.com.br\/2019\/wp-content\/uploads\/2023\/03\/z-sicredi-560x420.jpg 560w\" sizes=\"auto, (max-width: 1600px) 100vw, 1600px\" \/> <img loading=\"lazy\" decoding=\"async\" class=\"alignnone size-full wp-image-73994\" src=\"https:\/\/jorgezanoni.com.br\/2019\/wp-content\/uploads\/2023\/03\/z-sicredi1.jpg\" alt=\"\" width=\"1393\" height=\"1094\" srcset=\"https:\/\/jorgezanoni.com.br\/2019\/wp-content\/uploads\/2023\/03\/z-sicredi1.jpg 1393w, https:\/\/jorgezanoni.com.br\/2019\/wp-content\/uploads\/2023\/03\/z-sicredi1-300x236.jpg 300w, https:\/\/jorgezanoni.com.br\/2019\/wp-content\/uploads\/2023\/03\/z-sicredi1-1024x804.jpg 1024w, https:\/\/jorgezanoni.com.br\/2019\/wp-content\/uploads\/2023\/03\/z-sicredi1-768x603.jpg 768w, https:\/\/jorgezanoni.com.br\/2019\/wp-content\/uploads\/2023\/03\/z-sicredi1-696x547.jpg 696w, https:\/\/jorgezanoni.com.br\/2019\/wp-content\/uploads\/2023\/03\/z-sicredi1-1068x839.jpg 1068w, https:\/\/jorgezanoni.com.br\/2019\/wp-content\/uploads\/2023\/03\/z-sicredi1-535x420.jpg 535w\" sizes=\"auto, (max-width: 1393px) 100vw, 1393px\" \/>Palestra Sicred Educa\u00e7\u00e3o Financeira<\/p>\n<p><img loading=\"lazy\" decoding=\"async\" class=\"alignnone size-full wp-image-73995\" src=\"https:\/\/jorgezanoni.com.br\/2019\/wp-content\/uploads\/2023\/03\/z-prefeito-2.jpg\" alt=\"\" width=\"1200\" height=\"1600\" srcset=\"https:\/\/jorgezanoni.com.br\/2019\/wp-content\/uploads\/2023\/03\/z-prefeito-2.jpg 1200w, https:\/\/jorgezanoni.com.br\/2019\/wp-content\/uploads\/2023\/03\/z-prefeito-2-225x300.jpg 225w, https:\/\/jorgezanoni.com.br\/2019\/wp-content\/uploads\/2023\/03\/z-prefeito-2-768x1024.jpg 768w, https:\/\/jorgezanoni.com.br\/2019\/wp-content\/uploads\/2023\/03\/z-prefeito-2-1152x1536.jpg 1152w, https:\/\/jorgezanoni.com.br\/2019\/wp-content\/uploads\/2023\/03\/z-prefeito-2-696x928.jpg 696w, https:\/\/jorgezanoni.com.br\/2019\/wp-content\/uploads\/2023\/03\/z-prefeito-2-1068x1424.jpg 1068w, https:\/\/jorgezanoni.com.br\/2019\/wp-content\/uploads\/2023\/03\/z-prefeito-2-315x420.jpg 315w\" sizes=\"auto, (max-width: 1200px) 100vw, 1200px\" \/> <img loading=\"lazy\" decoding=\"async\" class=\"alignnone size-full wp-image-73996\" src=\"https:\/\/jorgezanoni.com.br\/2019\/wp-content\/uploads\/2023\/03\/z-prefeito.jpg\" alt=\"\" width=\"1600\" height=\"1200\" srcset=\"https:\/\/jorgezanoni.com.br\/2019\/wp-content\/uploads\/2023\/03\/z-prefeito.jpg 1600w, https:\/\/jorgezanoni.com.br\/2019\/wp-content\/uploads\/2023\/03\/z-prefeito-300x225.jpg 300w, https:\/\/jorgezanoni.com.br\/2019\/wp-content\/uploads\/2023\/03\/z-prefeito-1024x768.jpg 1024w, https:\/\/jorgezanoni.com.br\/2019\/wp-content\/uploads\/2023\/03\/z-prefeito-768x576.jpg 768w, https:\/\/jorgezanoni.com.br\/2019\/wp-content\/uploads\/2023\/03\/z-prefeito-1536x1152.jpg 1536w, https:\/\/jorgezanoni.com.br\/2019\/wp-content\/uploads\/2023\/03\/z-prefeito-80x60.jpg 80w, https:\/\/jorgezanoni.com.br\/2019\/wp-content\/uploads\/2023\/03\/z-prefeito-265x198.jpg 265w, https:\/\/jorgezanoni.com.br\/2019\/wp-content\/uploads\/2023\/03\/z-prefeito-696x522.jpg 696w, https:\/\/jorgezanoni.com.br\/2019\/wp-content\/uploads\/2023\/03\/z-prefeito-1068x801.jpg 1068w, https:\/\/jorgezanoni.com.br\/2019\/wp-content\/uploads\/2023\/03\/z-prefeito-560x420.jpg 560w\" sizes=\"auto, (max-width: 1600px) 100vw, 1600px\" \/>Palestra Prefeito Municipal Valdir Verona<\/p>\n<p>Fonte: Assessoria de Comunica\u00e7\u00e3o<\/p>\n<p>&nbsp;<\/p>\n<p>&nbsp;<\/p>\n<p>&nbsp;<\/p>\n<p>&nbsp;<\/p>\n","protected":false},"excerpt":{"rendered":"<p>O Gr\u00eamio Estudantil da EE MINISTRO OSCAR PEDROSO HORTA, de Santa Mercedes \u201cTIME POWER\u201d realiza desde 2022 o projeto \u201cO FUTURO DA NOSSA GERA\u00c7\u00c3O\u201d,\u00a0 o qual foi idealizado pelo estudante gremista RICHARD HUGO DA ORA CRUZ. A a\u00e7\u00e3o se desenvolve atrav\u00e9s de ciclos de palestras ministradas por profissionais que podem colaborar de alguma forma com [&hellip;]<\/p>\n","protected":false},"author":1,"featured_media":73997,"comment_status":"closed","ping_status":"open","sticky":false,"template":"","format":"standard","meta":{"footnotes":""},"categories":[110,122],"tags":[],"class_list":["post-73989","post","type-post","status-publish","format-standard","has-post-thumbnail","hentry","category-noticiasdestaque","category-saudeeducacaoeconcurso"],"_links":{"self":[{"href":"https:\/\/jorgezanoni.com.br\/2019\/wp-json\/wp\/v2\/posts\/73989","targetHints":{"allow":["GET"]}}],"collection":[{"href":"https:\/\/jorgezanoni.com.br\/2019\/wp-json\/wp\/v2\/posts"}],"about":[{"href":"https:\/\/jorgezanoni.com.br\/2019\/wp-json\/wp\/v2\/types\/post"}],"author":[{"embeddable":true,"href":"https:\/\/jorgezanoni.com.br\/2019\/wp-json\/wp\/v2\/users\/1"}],"replies":[{"embeddable":true,"href":"https:\/\/jorgezanoni.com.br\/2019\/wp-json\/wp\/v2\/comments?post=73989"}],"version-history":[{"count":1,"href":"https:\/\/jorgezanoni.com.br\/2019\/wp-json\/wp\/v2\/posts\/73989\/revisions"}],"predecessor-version":[{"id":73998,"href":"https:\/\/jorgezanoni.com.br\/2019\/wp-json\/wp\/v2\/posts\/73989\/revisions\/73998"}],"wp:featuredmedia":[{"embeddable":true,"href":"https:\/\/jorgezanoni.com.br\/2019\/wp-json\/wp\/v2\/media\/73997"}],"wp:attachment":[{"href":"https:\/\/jorgezanoni.com.br\/2019\/wp-json\/wp\/v2\/media?parent=73989"}],"wp:term":[{"taxonomy":"category","embeddable":true,"href":"https:\/\/jorgezanoni.com.br\/2019\/wp-json\/wp\/v2\/categories?post=73989"},{"taxonomy":"post_tag","embeddable":true,"href":"https:\/\/jorgezanoni.com.br\/2019\/wp-json\/wp\/v2\/tags?post=73989"}],"curies":[{"name":"wp","href":"https:\/\/api.w.org\/{rel}","templated":true}]}}