{"id":73972,"date":"2023-03-12T19:10:55","date_gmt":"2023-03-12T19:10:55","guid":{"rendered":"https:\/\/jorgezanoni.com.br\/2019\/?p=73972"},"modified":"2023-03-12T19:10:55","modified_gmt":"2023-03-12T19:10:55","slug":"operacao-da-policia-civil-cumpre-5-mandados-de-prisao-na-regiao-de-dracena","status":"publish","type":"post","link":"https:\/\/jorgezanoni.com.br\/2019\/operacao-da-policia-civil-cumpre-5-mandados-de-prisao-na-regiao-de-dracena\/","title":{"rendered":"Opera\u00e7\u00e3o da Pol\u00edcia Civil cumpre 5 mandados de pris\u00e3o na regi\u00e3o de Dracena"},"content":{"rendered":"<p style=\"text-align: justify;\">A Pol\u00edcia Civil, por interm\u00e9dio da Unidades Especializadas (Delegacia de Investiga\u00e7\u00f5es Gerais &#8211; DIG e Delegacia de Investiga\u00e7\u00f5es Sobre Entorpecentes &#8211; DISE), concluiu nesta sexta-feira (10), a Opera\u00e7\u00e3o \u201cFYLAK\u00cd\u201d visou dar cumprimento \u00e0 mandados de pris\u00e3o que est\u00e3o em aberto. Foram presos cinco homens com idades entre 26 a 69 anos, sendo: duas pris\u00f5es em decorr\u00eancia de senten\u00e7a penal condenat\u00f3ria definitiva, uma por pris\u00e3o preventiva decretada em caso de viol\u00eancia sexual, e outras duas por inadimplemento de pens\u00e3o aliment\u00edcia.<\/p>\n<p style=\"text-align: justify;\">A a\u00e7\u00e3o da opera\u00e7\u00e3o policial que foi coordenada pela Unidades Especializadas, contou ainda com o apoio operacional da Delegacia de Pol\u00edcia de Panorama e da Delegacia de Pol\u00edcia de \u00c1guas Clara &#8211; MS. Policiais civis sul-mato-grossense, ap\u00f3s levantamento de dados de informa\u00e7\u00f5es prestadas pela Policia Civil de S\u00e3o Paulo, realizaram a pris\u00e3o de um homem, de 69 anos, que estava residindo na cidade \u00c1guas Claras-MS, e contra qual havia em seu desfavor o mandado de pris\u00e3o preventiva em aberto, por crime de viol\u00eancia sexual cometido em Dracena.<\/p>\n<p style=\"text-align: justify;\">Todos os presos passaram por audi\u00eancia de custodias, e ficaram \u00e0 disposi\u00e7\u00e3o da Justi\u00e7a. A palavra \u201cFYLAK\u00cd\u201d significa PRIS\u00c3O no idioma grego.<\/p>\n<p style=\"text-align: justify;\">Fonte: Com. Social Pol\u00edcia Civil<\/p>\n","protected":false},"excerpt":{"rendered":"<p>A Pol\u00edcia Civil, por interm\u00e9dio da Unidades Especializadas (Delegacia de Investiga\u00e7\u00f5es Gerais &#8211; DIG e Delegacia de Investiga\u00e7\u00f5es Sobre Entorpecentes &#8211; DISE), concluiu nesta sexta-feira (10), a Opera\u00e7\u00e3o \u201cFYLAK\u00cd\u201d visou dar cumprimento \u00e0 mandados de pris\u00e3o que est\u00e3o em aberto. Foram presos cinco homens com idades entre 26 a 69 anos, sendo: duas pris\u00f5es em [&hellip;]<\/p>\n","protected":false},"author":1,"featured_media":73973,"comment_status":"closed","ping_status":"open","sticky":false,"template":"","format":"standard","meta":{"footnotes":""},"categories":[110,2],"tags":[],"class_list":["post-73972","post","type-post","status-publish","format-standard","has-post-thumbnail","hentry","category-noticiasdestaque","category-policial"],"_links":{"self":[{"href":"https:\/\/jorgezanoni.com.br\/2019\/wp-json\/wp\/v2\/posts\/73972","targetHints":{"allow":["GET"]}}],"collection":[{"href":"https:\/\/jorgezanoni.com.br\/2019\/wp-json\/wp\/v2\/posts"}],"about":[{"href":"https:\/\/jorgezanoni.com.br\/2019\/wp-json\/wp\/v2\/types\/post"}],"author":[{"embeddable":true,"href":"https:\/\/jorgezanoni.com.br\/2019\/wp-json\/wp\/v2\/users\/1"}],"replies":[{"embeddable":true,"href":"https:\/\/jorgezanoni.com.br\/2019\/wp-json\/wp\/v2\/comments?post=73972"}],"version-history":[{"count":1,"href":"https:\/\/jorgezanoni.com.br\/2019\/wp-json\/wp\/v2\/posts\/73972\/revisions"}],"predecessor-version":[{"id":73974,"href":"https:\/\/jorgezanoni.com.br\/2019\/wp-json\/wp\/v2\/posts\/73972\/revisions\/73974"}],"wp:featuredmedia":[{"embeddable":true,"href":"https:\/\/jorgezanoni.com.br\/2019\/wp-json\/wp\/v2\/media\/73973"}],"wp:attachment":[{"href":"https:\/\/jorgezanoni.com.br\/2019\/wp-json\/wp\/v2\/media?parent=73972"}],"wp:term":[{"taxonomy":"category","embeddable":true,"href":"https:\/\/jorgezanoni.com.br\/2019\/wp-json\/wp\/v2\/categories?post=73972"},{"taxonomy":"post_tag","embeddable":true,"href":"https:\/\/jorgezanoni.com.br\/2019\/wp-json\/wp\/v2\/tags?post=73972"}],"curies":[{"name":"wp","href":"https:\/\/api.w.org\/{rel}","templated":true}]}}