{"id":73882,"date":"2023-02-15T12:19:45","date_gmt":"2023-02-15T12:19:45","guid":{"rendered":"https:\/\/jorgezanoni.com.br\/2019\/?p=73882"},"modified":"2023-02-15T12:19:45","modified_gmt":"2023-02-15T12:19:45","slug":"jovem-de-dracena-passa-em-seletiva-de-futebol-em-presidente-prudente-e-e-contratado","status":"publish","type":"post","link":"https:\/\/jorgezanoni.com.br\/2019\/jovem-de-dracena-passa-em-seletiva-de-futebol-em-presidente-prudente-e-e-contratado\/","title":{"rendered":"Jovem de Dracena passa em seletiva de futebol em Presidente Prudente e \u00e9 contratado"},"content":{"rendered":"<p style=\"text-align: justify;\">O jovem dracenense Deivid Domingos de Oliveira Santos de 16 anos nascido em S\u00e3o Paulo, mas que mora em Dracena h\u00e1 alguns anos, participou e passou numa seletiva da Next Academy de Presidente Prudente.<\/p>\n<p style=\"text-align: justify;\">O teste aconteceu no \u00faltimo domingo dia 12 e j\u00e1 no dia 13 foi informado que havia passado e imediatamente foi integrado a equipe como atleta da academia.<\/p>\n<p style=\"text-align: justify;\">Os integrantes das fam\u00edlias Domingos e Oliveira, desejam muita sorte nessa nova caminhada do Deivid, acreditando que o futuro dele j\u00e1 est\u00e1 reservado por Deus. A fam\u00edlia sempre esteve na torcida e apoiando ao m\u00e1ximo o atleta e deseja todo o sucesso do mundo.<\/p>\n<p style=\"text-align: justify;\">&#8220;Nosso futuro lateral da sele\u00e7\u00e3o brasileira&#8221; disse o irm\u00e3o Victor Hugo.<\/p>\n<p><img loading=\"lazy\" decoding=\"async\" class=\"alignnone size-full wp-image-73884\" src=\"https:\/\/jorgezanoni.com.br\/2019\/wp-content\/uploads\/2023\/02\/fut1.jpg\" alt=\"\" width=\"700\" height=\"466\" srcset=\"https:\/\/jorgezanoni.com.br\/2019\/wp-content\/uploads\/2023\/02\/fut1.jpg 700w, https:\/\/jorgezanoni.com.br\/2019\/wp-content\/uploads\/2023\/02\/fut1-300x200.jpg 300w, https:\/\/jorgezanoni.com.br\/2019\/wp-content\/uploads\/2023\/02\/fut1-696x463.jpg 696w, https:\/\/jorgezanoni.com.br\/2019\/wp-content\/uploads\/2023\/02\/fut1-631x420.jpg 631w\" sizes=\"auto, (max-width: 700px) 100vw, 700px\" \/><\/p>\n<p style=\"text-align: justify;\">Jorge Zanoni<\/p>\n<p style=\"text-align: justify;\">Foto da Fam\u00edlia<\/p>\n","protected":false},"excerpt":{"rendered":"<p>O jovem dracenense Deivid Domingos de Oliveira Santos de 16 anos nascido em S\u00e3o Paulo, mas que mora em Dracena h\u00e1 alguns anos, participou e passou numa seletiva da Next Academy de Presidente Prudente. O teste aconteceu no \u00faltimo domingo dia 12 e j\u00e1 no dia 13 foi informado que havia passado e imediatamente foi [&hellip;]<\/p>\n","protected":false},"author":1,"featured_media":73883,"comment_status":"closed","ping_status":"open","sticky":false,"template":"","format":"standard","meta":{"footnotes":""},"categories":[111,110],"tags":[],"class_list":["post-73882","post","type-post","status-publish","format-standard","has-post-thumbnail","hentry","category-esporteecultura","category-noticiasdestaque"],"_links":{"self":[{"href":"https:\/\/jorgezanoni.com.br\/2019\/wp-json\/wp\/v2\/posts\/73882","targetHints":{"allow":["GET"]}}],"collection":[{"href":"https:\/\/jorgezanoni.com.br\/2019\/wp-json\/wp\/v2\/posts"}],"about":[{"href":"https:\/\/jorgezanoni.com.br\/2019\/wp-json\/wp\/v2\/types\/post"}],"author":[{"embeddable":true,"href":"https:\/\/jorgezanoni.com.br\/2019\/wp-json\/wp\/v2\/users\/1"}],"replies":[{"embeddable":true,"href":"https:\/\/jorgezanoni.com.br\/2019\/wp-json\/wp\/v2\/comments?post=73882"}],"version-history":[{"count":1,"href":"https:\/\/jorgezanoni.com.br\/2019\/wp-json\/wp\/v2\/posts\/73882\/revisions"}],"predecessor-version":[{"id":73885,"href":"https:\/\/jorgezanoni.com.br\/2019\/wp-json\/wp\/v2\/posts\/73882\/revisions\/73885"}],"wp:featuredmedia":[{"embeddable":true,"href":"https:\/\/jorgezanoni.com.br\/2019\/wp-json\/wp\/v2\/media\/73883"}],"wp:attachment":[{"href":"https:\/\/jorgezanoni.com.br\/2019\/wp-json\/wp\/v2\/media?parent=73882"}],"wp:term":[{"taxonomy":"category","embeddable":true,"href":"https:\/\/jorgezanoni.com.br\/2019\/wp-json\/wp\/v2\/categories?post=73882"},{"taxonomy":"post_tag","embeddable":true,"href":"https:\/\/jorgezanoni.com.br\/2019\/wp-json\/wp\/v2\/tags?post=73882"}],"curies":[{"name":"wp","href":"https:\/\/api.w.org\/{rel}","templated":true}]}}