{"id":7388,"date":"2019-09-26T23:42:59","date_gmt":"2019-09-26T23:42:59","guid":{"rendered":"https:\/\/jorgezanoni.com.br\/2019\/?p=7388"},"modified":"2019-09-26T23:42:59","modified_gmt":"2019-09-26T23:42:59","slug":"cuca-explica-pedido-de-demissao-meu-estilo-nao-casou-com-o-do-sao-paulo","status":"publish","type":"post","link":"https:\/\/jorgezanoni.com.br\/2019\/cuca-explica-pedido-de-demissao-meu-estilo-nao-casou-com-o-do-sao-paulo\/","title":{"rendered":"Cuca explica pedido de demiss\u00e3o: &#8220;Meu estilo n\u00e3o casou com o do S\u00e3o Paulo&#8221;"},"content":{"rendered":"<h2 class=\"content-head__subtitle\" style=\"text-align: justify;\"><strong>T\u00e9cnico deixa o comando do Tricolor ap\u00f3s cinco meses no cargo: &#8220;Que venha outro profissional para tirar mais&#8221;<\/strong><\/h2>\n<p style=\"text-align: justify;\">Cuca concedeu entrevista coletiva na tarde desta quinta-feira para explicar os motivos que o\u00a0<a href=\"https:\/\/globoesporte.globo.com\/futebol\/times\/sao-paulo\/noticia\/cuca-nao-e-mais-tecnico-do-sao-paulo.ghtml\"><strong>levaram a pedir demiss\u00e3o do S\u00e3o Paulo<\/strong><\/a>. O treinador ficou apenas cinco meses no cargo, saindo com aproveitamento de 47,4% de aproveitamento, em 26 jogos: nove vit\u00f3rias, dez empates e sete derrotas. O mais prov\u00e1vel agora \u00e9 que o coordenador Vagner Mancini assuma a equipe \u2013 j\u00e1 \u00e9 certo que ele comandar\u00e1 o\u00a0<a href=\"https:\/\/globoesporte.globo.com\/futebol\/times\/sao-paulo\/\"><strong>S\u00e3o Paulo<\/strong><\/a> neste s\u00e1bado, contra o Flamengo, no Maracan\u00e3.<\/p>\n<div class=\"mc-column\" data-block-type=\"embed-social-twitter\" data-block-id=\"3\">\n<div class=\"SandboxRoot env-bp-350\" data-twitter-event-id=\"0\">\n<div id=\"twitter-widget-0\" class=\"EmbeddedTweet EmbeddedTweet--cta js-clickToOpenTarget\" lang=\"en\" data-click-to-open-target=\"https:\/\/twitter.com\/Marcelo_Hazan\/status\/1177292618880999425\" data-iframe-title=\"Twitter Tweet\" data-scribe=\"page:tweet\" data-twitter-event-id=\"5\">\n<div class=\"EmbeddedTweet-tweetContainer\">\n<div class=\"EmbeddedTweet-tweet\" style=\"text-align: justify;\">\n<blockquote class=\"Tweet h-entry js-tweetIdInfo subject expanded\" cite=\"https:\/\/twitter.com\/Marcelo_Hazan\/status\/1177292618880999425\" data-tweet-id=\"1177292618880999425\" data-scribe=\"section:subject\">\n<div class=\"Tweet-body e-entry-content\" data-scribe=\"component:tweet\">\n<p class=\"Tweet-text e-entry-title\" dir=\"ltr\" lang=\"pt\">Cuca: \u201cInfelizmente meu estilo n\u00e3o casou. Que venha outro profissional para tirar mais. N\u00e3o trata de se demitir ou ser demitido. Ou acha que eles ou to contente? Pensando nisso houve essa sa\u00edda. Falei com jogadores e tenho certeza que vai vingar e arrancar\u201d <a class=\"PrettyLink hashtag customisable\" dir=\"ltr\" href=\"https:\/\/twitter.com\/hashtag\/gesaopaulo?src=hash\" rel=\"tag\" data-query-source=\"hashtag_click\" data-scribe=\"element:hashtag\"><span class=\"PrettyLink-prefix\">#<\/span><span class=\"PrettyLink-value\">gesaopaulo<\/span><\/a><\/p>\n<\/div>\n<\/blockquote>\n<\/div>\n<div class=\"CallToAction-text\" style=\"text-align: justify;\" data-scribe=\"element:profile_text\">\u2013 N\u00e3o sei te dizer ao certo qual o problema. Se eu soubesse qual o problema, eu falava. Voc\u00eas bateram muito no padr\u00e3o de jogo. Eu queria explicar que todo ser humano tem sua caracter\u00edstica, eu tenho a minha. Qual \u00e9 a caracter\u00edstica do Cuca? Eu gosto de marca\u00e7\u00e3o na frente, r\u00e1pido. N\u00e3o gosto de time que tem morosidade. \u00c0s vezes, ser mais objetivo. Infelizmente o meu estilo n\u00e3o casou com o estilo do S\u00e3o Paulo. N\u00e3o combinou. N\u00e3o \u00e9 por isso que eles n\u00e3o s\u00e3o bons, eles s\u00e3o \u00f3timos. Mas n\u00e3o encaixou. Eu falei para o Ra\u00ed e P\u00e1ssaro (dirigentes do S\u00e3o Paulo), por isso que sa\u00ed. Teve uma ideia de falarmos com voc\u00ea e foi entendido. Voc\u00ea acha que eles est\u00e3o contente e eu tamb\u00e9m? Como falei com os jogadores eles v\u00e3o vingar e v\u00e3o dar uma arrancada \u2013 disse Cuca, que relatou ter sido ofendido pela primeira vez na carreira.<\/div>\n<\/div>\n<\/div>\n<div data-scribe=\"element:profile_text\">Fonte: https:\/\/globoesporte.globo.com\/futebol\/times\/sao-paulo\/noticia\/cuca-explica-pedido-de-demissao-meu-estilo-nao-casou-com-o-do-sao-paulo.ghtml<\/div>\n<\/div>\n<\/div>\n","protected":false},"excerpt":{"rendered":"<p>T\u00e9cnico deixa o comando do Tricolor ap\u00f3s cinco meses no cargo: &#8220;Que venha outro profissional para tirar mais&#8221; Cuca concedeu entrevista coletiva na tarde desta quinta-feira para explicar os motivos que o\u00a0levaram a pedir demiss\u00e3o do S\u00e3o Paulo. O treinador ficou apenas cinco meses no cargo, saindo com aproveitamento de 47,4% de aproveitamento, em 26 [&hellip;]<\/p>\n","protected":false},"author":1,"featured_media":7389,"comment_status":"closed","ping_status":"open","sticky":false,"template":"","format":"standard","meta":{"footnotes":""},"categories":[111,110],"tags":[],"class_list":["post-7388","post","type-post","status-publish","format-standard","has-post-thumbnail","hentry","category-esporteecultura","category-noticiasdestaque"],"_links":{"self":[{"href":"https:\/\/jorgezanoni.com.br\/2019\/wp-json\/wp\/v2\/posts\/7388","targetHints":{"allow":["GET"]}}],"collection":[{"href":"https:\/\/jorgezanoni.com.br\/2019\/wp-json\/wp\/v2\/posts"}],"about":[{"href":"https:\/\/jorgezanoni.com.br\/2019\/wp-json\/wp\/v2\/types\/post"}],"author":[{"embeddable":true,"href":"https:\/\/jorgezanoni.com.br\/2019\/wp-json\/wp\/v2\/users\/1"}],"replies":[{"embeddable":true,"href":"https:\/\/jorgezanoni.com.br\/2019\/wp-json\/wp\/v2\/comments?post=7388"}],"version-history":[{"count":0,"href":"https:\/\/jorgezanoni.com.br\/2019\/wp-json\/wp\/v2\/posts\/7388\/revisions"}],"wp:featuredmedia":[{"embeddable":true,"href":"https:\/\/jorgezanoni.com.br\/2019\/wp-json\/wp\/v2\/media\/7389"}],"wp:attachment":[{"href":"https:\/\/jorgezanoni.com.br\/2019\/wp-json\/wp\/v2\/media?parent=7388"}],"wp:term":[{"taxonomy":"category","embeddable":true,"href":"https:\/\/jorgezanoni.com.br\/2019\/wp-json\/wp\/v2\/categories?post=7388"},{"taxonomy":"post_tag","embeddable":true,"href":"https:\/\/jorgezanoni.com.br\/2019\/wp-json\/wp\/v2\/tags?post=7388"}],"curies":[{"name":"wp","href":"https:\/\/api.w.org\/{rel}","templated":true}]}}