{"id":73862,"date":"2023-02-14T23:24:55","date_gmt":"2023-02-14T23:24:55","guid":{"rendered":"https:\/\/jorgezanoni.com.br\/2019\/?p=73862"},"modified":"2023-02-14T23:24:55","modified_gmt":"2023-02-14T23:24:55","slug":"quadrado-magico-em-terras-provincianas-por-sergio-barbosa","status":"publish","type":"post","link":"https:\/\/jorgezanoni.com.br\/2019\/quadrado-magico-em-terras-provincianas-por-sergio-barbosa\/","title":{"rendered":"&#8220;Quadrado M\u00e1gico&#8221; em terras provincianas&#8230; (por S\u00e9rgio Barbosa)"},"content":{"rendered":"<p style=\"text-align: justify;\"><strong>\u201cQUADRADO M\u00c1GICO\u201d EM TERRAS PROVINCIANAS&#8230;<\/strong><\/p>\n<p style=\"text-align: justify;\"><em>\u201cUM TIME PARA ESQUECER\u201d \u00a0in O ESTADO DE S.PAULO, domingo, 2 de julho de 2006, Ano 127, No. 41165, Edi\u00e7\u00e3o das 20h40\u201d<\/em><\/p>\n<p style=\"text-align: justify;\"><em>\u201cFRAN\u00c7A, DE NOVO, ELIMINA O BRASIL\u201d \u00a0in FOLHA DE S.PAULO, domingo, 2 de julho de 2006, Edi\u00e7\u00e3o Nacional\u201d<\/em><\/p>\n<p style=\"text-align: justify;\"><strong><em>S\u00e9rgio Barbosa (*)<\/em><\/strong><\/p>\n<p style=\"text-align: justify;\">Diz o velho dito tupiniquim que, \u201cdepois do vendaval vem a bonanza&#8230;\u201d, assim, pode-se pensar com mais calma sobre os acontecimentos do s\u00e1bado passado, quando a sele\u00e7\u00e3o canarinho perdeu o rumo e a copa de 2006 para um time que chegou desacreditado em terras alem\u00e3s, ou seja, a sele\u00e7\u00e3o francesa de Zidane&#8230;<\/p>\n<p style=\"text-align: justify;\">Nada demais perder o jogo em pauta, afinal de contas, tal disputa acontece de quatro em quatro anos, portanto, acabou ficando de quatro, novamente, em 2010 no continente africano e depois em 2014&#8230; 2018 (7&#215;1) e agora, 2.022&#8230;<\/p>\n<p style=\"text-align: justify;\">Mas, das terras distantes para o cen\u00e1rio provinciano, neste caso em foco, muitas coisas acabam explicando ou confundindo mais os quadrados de uma prov\u00edncia qualquer, afinal de contas, afirma, ainda, outro dito popular, a saber: \u201ctem gente que, se cair de quatro n\u00e3o levanta mais&#8230;\u201d&#8230;<\/p>\n<p style=\"text-align: justify;\">Todavia, n\u00e3o se pode generalizar com as pessoas e assim por ainda mais neste cen\u00e1rio bovino, quando as mentes est\u00e3o em estado de letargia por causa do poder pelo poder numa institui\u00e7\u00e3o que avan\u00e7a contra tudo e todos para um olhar mais adiante deste tempo novo tempo&#8230;<\/p>\n<p style=\"text-align: justify;\">As trocas nem sempre retratam o mesmo quadro na parede deste ou do outro lado, al\u00e9m do mais, cada qual, busca estar em compasso de espera para um desencontro por meio de um encontro, talvez, a solu\u00e7\u00e3o para este caso seja o tal do \u201cquadrado m\u00e1gico\u201d, se bem que, esta coisa de \u201cquadrado\u201d pode ser vir para outras propostas quando o tema tem como objetivo as mesmices de sempre dos titulares de um time provinciano&#8230;<\/p>\n<p style=\"text-align: justify;\">O problema \u00e9 que os reservas deste tal time, tamb\u00e9m querem dar o golpe pra cima dos velhos camaradas, comenta-se que est\u00e1 na hora da renova\u00e7\u00e3o disto e daquilo, ainda, fica sempre a m\u00e1xima para com tais propostas, a saber: \u201cmudam as moscas, mas a m. \u00e9 a mesma\u201d&#8230;<\/p>\n<p style=\"text-align: justify;\">N\u00e3o se pode ficar alheio aos olhares da cobi\u00e7a para com o outro lado em confronto com a utopia provinciana do passado, portanto, o presente mostra uma outra realidade para a regi\u00e3o em tempo de p\u00f3s-globaliza\u00e7\u00e3o midi\u00e1tica&#8230;<\/p>\n<p style=\"text-align: justify;\">Outra dificuldade \u00e9 a exist\u00eancia dos donos da verdade para com o tal \u201cquadrado m\u00e1gico provinciano\u201d, tamb\u00e9m, de quadrado pode virar um tri\u00e2ngulo, talvez, das bermudas, ainda, uma dupla, neste caso, seria uma duplicidade da mesma vontade com o fato de virar um cara e coroa para distrair o juiz da partida, se bem que, do jeito que anda as coisas para o lado desta arbitragem, pode ter prorroga\u00e7\u00e3o e at\u00e9 mesmo, cobran\u00e7a de p\u00eanaltis!<\/p>\n<p style=\"text-align: justify;\"><strong><em>___________________________________________<\/em><\/strong><\/p>\n<p style=\"text-align: justify;\"><strong><em>(*) Jornalista diplomado.<\/em><\/strong><\/p>\n<p style=\"text-align: justify;\"><strong><em>e-mail: <a href=\"mailto:barbosa.sebar@gmail.com\">barbosa.sebar@gmail.com<\/a><\/em><\/strong><\/p>\n","protected":false},"excerpt":{"rendered":"<p>\u201cQUADRADO M\u00c1GICO\u201d EM TERRAS PROVINCIANAS&#8230; \u201cUM TIME PARA ESQUECER\u201d \u00a0in O ESTADO DE S.PAULO, domingo, 2 de julho de 2006, Ano 127, No. 41165, Edi\u00e7\u00e3o das 20h40\u201d \u201cFRAN\u00c7A, DE NOVO, ELIMINA O BRASIL\u201d \u00a0in FOLHA DE S.PAULO, domingo, 2 de julho de 2006, Edi\u00e7\u00e3o Nacional\u201d S\u00e9rgio Barbosa (*) Diz o velho dito tupiniquim que, \u201cdepois [&hellip;]<\/p>\n","protected":false},"author":1,"featured_media":73863,"comment_status":"closed","ping_status":"open","sticky":false,"template":"","format":"standard","meta":{"footnotes":""},"categories":[175],"tags":[],"class_list":["post-73862","post","type-post","status-publish","format-standard","has-post-thumbnail","hentry","category-artigos"],"_links":{"self":[{"href":"https:\/\/jorgezanoni.com.br\/2019\/wp-json\/wp\/v2\/posts\/73862","targetHints":{"allow":["GET"]}}],"collection":[{"href":"https:\/\/jorgezanoni.com.br\/2019\/wp-json\/wp\/v2\/posts"}],"about":[{"href":"https:\/\/jorgezanoni.com.br\/2019\/wp-json\/wp\/v2\/types\/post"}],"author":[{"embeddable":true,"href":"https:\/\/jorgezanoni.com.br\/2019\/wp-json\/wp\/v2\/users\/1"}],"replies":[{"embeddable":true,"href":"https:\/\/jorgezanoni.com.br\/2019\/wp-json\/wp\/v2\/comments?post=73862"}],"version-history":[{"count":1,"href":"https:\/\/jorgezanoni.com.br\/2019\/wp-json\/wp\/v2\/posts\/73862\/revisions"}],"predecessor-version":[{"id":73864,"href":"https:\/\/jorgezanoni.com.br\/2019\/wp-json\/wp\/v2\/posts\/73862\/revisions\/73864"}],"wp:featuredmedia":[{"embeddable":true,"href":"https:\/\/jorgezanoni.com.br\/2019\/wp-json\/wp\/v2\/media\/73863"}],"wp:attachment":[{"href":"https:\/\/jorgezanoni.com.br\/2019\/wp-json\/wp\/v2\/media?parent=73862"}],"wp:term":[{"taxonomy":"category","embeddable":true,"href":"https:\/\/jorgezanoni.com.br\/2019\/wp-json\/wp\/v2\/categories?post=73862"},{"taxonomy":"post_tag","embeddable":true,"href":"https:\/\/jorgezanoni.com.br\/2019\/wp-json\/wp\/v2\/tags?post=73862"}],"curies":[{"name":"wp","href":"https:\/\/api.w.org\/{rel}","templated":true}]}}