{"id":73857,"date":"2023-02-14T22:11:09","date_gmt":"2023-02-14T22:11:09","guid":{"rendered":"https:\/\/jorgezanoni.com.br\/2019\/?p=73857"},"modified":"2023-02-14T22:11:09","modified_gmt":"2023-02-14T22:11:09","slug":"unifadra-da-as-boas-vindas-aos-calouros-2023","status":"publish","type":"post","link":"https:\/\/jorgezanoni.com.br\/2019\/unifadra-da-as-boas-vindas-aos-calouros-2023\/","title":{"rendered":"Unifadra d\u00e1 as boas-vindas aos calouros 2023"},"content":{"rendered":"<p dir=\"ltr\" style=\"text-align: justify;\">Na noite de ontem (13), a Unifadra recebeu seus novos alunos dos cursos de An\u00e1lise e Desenvolvimento de Sistemas, Educa\u00e7\u00e3o F\u00edsica, Enfermagem, Pedagogia e Psicologia com uma programa\u00e7\u00e3o especial, que contou com a cobertura da imprensa.<\/p>\n<p dir=\"ltr\" style=\"text-align: justify;\">Cada curso organizou sua recep\u00e7\u00e3o preparando din\u00e2micas e atividades de integra\u00e7\u00e3o para a acolhida dos ingressantes. Houve momentos para esclarecimento das principais d\u00favidas sobre a vida acad\u00eamica e os calouros ainda foram apadrinhados pelos veteranos.<\/p>\n<p dir=\"ltr\" style=\"text-align: justify;\">O curso de Pedagogia envolveu a nova turma em uma conta\u00e7\u00e3o de hist\u00f3ria e o curso de Educa\u00e7\u00e3o F\u00edsica colocou todo mundo em movimento no Gin\u00e1sio Galen\u00e3o. J\u00e1 os cursos de Enfermagem, Psicologia e An\u00e1lise e Desenvolvimento de Sistemas convidaram todos para participar da campanha de arrecada\u00e7\u00e3o de produtos de higiene pessoal que est\u00e3o promovendo.<\/p>\n<p dir=\"ltr\" style=\"text-align: justify;\">O diretor acad\u00eamico da Unifadra Enio Garbelini destacou que a institui\u00e7\u00e3o tem tradi\u00e7\u00e3o em receber seus alunos de forma harm\u00f4nica, consciente e solid\u00e1ria, prezando sempre pela sa\u00fade f\u00edsica e psicol\u00f3gica de todos.<\/p>\n<p dir=\"ltr\" style=\"text-align: justify;\">MATR\u00cdCULAS ABERTAS!!<\/p>\n<p dir=\"ltr\" style=\"text-align: justify;\">Ainda d\u00e1 tempo de iniciar os estudos em 2023, pois o vestibular da Unifadra est\u00e1 com inscri\u00e7\u00f5es abertas at\u00e9 17\/02, com ingresso imediato ap\u00f3s a aprova\u00e7\u00e3o! Inscri\u00e7\u00f5es pelo link <a href=\"https:\/\/fundec.edu.br\/vestibular\" target=\"_blank\" rel=\"noopener noreferrer\">https:\/\/fundec.edu.br\/vestibular<\/a> .<\/p>\n<p dir=\"ltr\" style=\"text-align: justify;\">Mais informa\u00e7\u00f5es: (18) 3821-9004 ou Whatsapp (18) 99802-1237.<\/p>\n<p dir=\"ltr\"><img loading=\"lazy\" decoding=\"async\" class=\"alignnone size-full wp-image-73858\" src=\"https:\/\/jorgezanoni.com.br\/2019\/wp-content\/uploads\/2023\/02\/unifadra-Pequeno.jpg\" alt=\"\" width=\"853\" height=\"480\" srcset=\"https:\/\/jorgezanoni.com.br\/2019\/wp-content\/uploads\/2023\/02\/unifadra-Pequeno.jpg 853w, https:\/\/jorgezanoni.com.br\/2019\/wp-content\/uploads\/2023\/02\/unifadra-Pequeno-300x169.jpg 300w, https:\/\/jorgezanoni.com.br\/2019\/wp-content\/uploads\/2023\/02\/unifadra-Pequeno-768x432.jpg 768w, https:\/\/jorgezanoni.com.br\/2019\/wp-content\/uploads\/2023\/02\/unifadra-Pequeno-696x392.jpg 696w, https:\/\/jorgezanoni.com.br\/2019\/wp-content\/uploads\/2023\/02\/unifadra-Pequeno-746x420.jpg 746w\" sizes=\"auto, (max-width: 853px) 100vw, 853px\" \/> <img loading=\"lazy\" decoding=\"async\" class=\"alignnone size-full wp-image-73860\" src=\"https:\/\/jorgezanoni.com.br\/2019\/wp-content\/uploads\/2023\/02\/unifadra2-Pequeno.jpeg\" alt=\"\" width=\"721\" height=\"480\" srcset=\"https:\/\/jorgezanoni.com.br\/2019\/wp-content\/uploads\/2023\/02\/unifadra2-Pequeno.jpeg 721w, https:\/\/jorgezanoni.com.br\/2019\/wp-content\/uploads\/2023\/02\/unifadra2-Pequeno-300x200.jpeg 300w, https:\/\/jorgezanoni.com.br\/2019\/wp-content\/uploads\/2023\/02\/unifadra2-Pequeno-696x463.jpeg 696w, https:\/\/jorgezanoni.com.br\/2019\/wp-content\/uploads\/2023\/02\/unifadra2-Pequeno-631x420.jpeg 631w\" sizes=\"auto, (max-width: 721px) 100vw, 721px\" \/><\/p>\n<p dir=\"ltr\" style=\"text-align: justify;\">Fonte: Depto. de Comunica\u00e7\u00e3o da Fundec<\/p>\n","protected":false},"excerpt":{"rendered":"<p>Na noite de ontem (13), a Unifadra recebeu seus novos alunos dos cursos de An\u00e1lise e Desenvolvimento de Sistemas, Educa\u00e7\u00e3o F\u00edsica, Enfermagem, Pedagogia e Psicologia com uma programa\u00e7\u00e3o especial, que contou com a cobertura da imprensa. Cada curso organizou sua recep\u00e7\u00e3o preparando din\u00e2micas e atividades de integra\u00e7\u00e3o para a acolhida dos ingressantes. Houve momentos para [&hellip;]<\/p>\n","protected":false},"author":1,"featured_media":73859,"comment_status":"closed","ping_status":"open","sticky":false,"template":"","format":"standard","meta":{"footnotes":""},"categories":[110,122],"tags":[],"class_list":["post-73857","post","type-post","status-publish","format-standard","has-post-thumbnail","hentry","category-noticiasdestaque","category-saudeeducacaoeconcurso"],"_links":{"self":[{"href":"https:\/\/jorgezanoni.com.br\/2019\/wp-json\/wp\/v2\/posts\/73857","targetHints":{"allow":["GET"]}}],"collection":[{"href":"https:\/\/jorgezanoni.com.br\/2019\/wp-json\/wp\/v2\/posts"}],"about":[{"href":"https:\/\/jorgezanoni.com.br\/2019\/wp-json\/wp\/v2\/types\/post"}],"author":[{"embeddable":true,"href":"https:\/\/jorgezanoni.com.br\/2019\/wp-json\/wp\/v2\/users\/1"}],"replies":[{"embeddable":true,"href":"https:\/\/jorgezanoni.com.br\/2019\/wp-json\/wp\/v2\/comments?post=73857"}],"version-history":[{"count":1,"href":"https:\/\/jorgezanoni.com.br\/2019\/wp-json\/wp\/v2\/posts\/73857\/revisions"}],"predecessor-version":[{"id":73861,"href":"https:\/\/jorgezanoni.com.br\/2019\/wp-json\/wp\/v2\/posts\/73857\/revisions\/73861"}],"wp:featuredmedia":[{"embeddable":true,"href":"https:\/\/jorgezanoni.com.br\/2019\/wp-json\/wp\/v2\/media\/73859"}],"wp:attachment":[{"href":"https:\/\/jorgezanoni.com.br\/2019\/wp-json\/wp\/v2\/media?parent=73857"}],"wp:term":[{"taxonomy":"category","embeddable":true,"href":"https:\/\/jorgezanoni.com.br\/2019\/wp-json\/wp\/v2\/categories?post=73857"},{"taxonomy":"post_tag","embeddable":true,"href":"https:\/\/jorgezanoni.com.br\/2019\/wp-json\/wp\/v2\/tags?post=73857"}],"curies":[{"name":"wp","href":"https:\/\/api.w.org\/{rel}","templated":true}]}}