{"id":73682,"date":"2023-02-10T21:58:41","date_gmt":"2023-02-10T21:58:41","guid":{"rendered":"https:\/\/jorgezanoni.com.br\/2019\/?p=73682"},"modified":"2023-02-10T21:58:41","modified_gmt":"2023-02-10T21:58:41","slug":"ace-de-dracena-deu-posse-a-nova-diretoria-para-o-bienio-2023-2024","status":"publish","type":"post","link":"https:\/\/jorgezanoni.com.br\/2019\/ace-de-dracena-deu-posse-a-nova-diretoria-para-o-bienio-2023-2024\/","title":{"rendered":"ACE de Dracena deu posse a nova Diretoria para o bi\u00eanio 2023\/2024"},"content":{"rendered":"<p style=\"text-align: justify;\">A Associa\u00e7\u00e3o Comercial e Empresarial de Dracena, realizou a Solenidade de Posse da nova diretoria bi\u00eanio 2023\/2024. O evento aconteceu no terra\u00e7o da ACE e foi bastante concorrida.<br \/>\n.<br \/>\nMaria Nely Vieira Kato foi eleita presidente no dia 10 de janeiro, substituindo o empres\u00e1rio Luciano Gerlin, para assumir o bi\u00eanio 2023\/2024.<br \/>\n.<br \/>\nO ex-presidente Luciano Gerlin fez seu pronunciamento e deu posse \u00e0 nova dirigente. Nely destacou a gratid\u00e3o que sente em ser a primeira mulher a dirigir a ACE Dracena e tamb\u00e9m fez um s\u00e9rie de agradecimentos. Tamb\u00e9m deu posse aos membros nova diretoria e integrantes do Conselho da Mulher Empreendedora, direcionado ao empoderamento feminino. O conselho ir\u00e1 promover palestras e eventos e a\u00e7\u00f5es sociais, com a finalidade de dar mais protagonismo as mulheres dracenenses.<br \/>\n.<br \/>\nRenata Brito e Bruno Troiano falaram em nome dos novos diretores.<br \/>\n.<br \/>\nA cerim\u00f4nia, que contou com a presen\u00e7a do prefeito de Dracena Andr\u00e9 Lemos; Selma Luz representando o Sebrae de Presidente Prudente; S\u00e9rgio Vanderley da Silva, presidente do Sindicato do Com\u00e9rcio Varejista, do S\u00e9rgio Manoel, presidente dos Comerci\u00e1rios e Osvaldo Pestana, do Rotary Dracena Imperial.<br \/>\n.<br \/>\nO prefeito Andr\u00e9 Lemos fechou a s\u00e9rie de pronunciamentos falando da manuten\u00e7\u00e3o da parceria entre Prefeitura e Associa\u00e7\u00e3o Comercial.<br \/>\n.<br \/>\nO padre Osvaldir Ribeiro Mendes fez a ben\u00e7\u00e3o de encerramento da solenidade.<br \/>\n.<br \/>\nConfira os membros da Diretoria &#8211; bi\u00eanio 2023\/2024<br \/>\n.<br \/>\nDiretoria Executiva: presidente: Maria Nely Vieira Kato; vice-presidente: Luciano Gerlin; tesoureiros: 1\u00ba Luiz Carlos Scaliante e 2\u00ba Fernando Noguerol Barro; secret\u00e1rios: 1\u00ba Douglas Pontes Castilho e 2\u00ba Renata Almeida de Brito.<br \/>\n.<br \/>\nConselho Deliberativo: Eduardo Reis Alves, Juliana Sales, Paulo Rog\u00e9rio Garcia, Graciana Torres, Gabriela Morgado de Abreu, Lucas Tanganini dos Santos, Bruno Dancieri Silveira, Bruno Troiano, Thabath Menegucci, Hugo Nakano e Juliano\u00a0Vicente.<\/p>\n<p style=\"text-align: justify;\">Fonte: Assessoria de Imprensa ACE<\/p>\n","protected":false},"excerpt":{"rendered":"<p>A Associa\u00e7\u00e3o Comercial e Empresarial de Dracena, realizou a Solenidade de Posse da nova diretoria bi\u00eanio 2023\/2024. O evento aconteceu no terra\u00e7o da ACE e foi bastante concorrida. . Maria Nely Vieira Kato foi eleita presidente no dia 10 de janeiro, substituindo o empres\u00e1rio Luciano Gerlin, para assumir o bi\u00eanio 2023\/2024. . O ex-presidente Luciano [&hellip;]<\/p>\n","protected":false},"author":1,"featured_media":73683,"comment_status":"closed","ping_status":"open","sticky":false,"template":"","format":"standard","meta":{"footnotes":""},"categories":[114,110],"tags":[],"class_list":["post-73682","post","type-post","status-publish","format-standard","has-post-thumbnail","hentry","category-geralecomercio","category-noticiasdestaque"],"_links":{"self":[{"href":"https:\/\/jorgezanoni.com.br\/2019\/wp-json\/wp\/v2\/posts\/73682","targetHints":{"allow":["GET"]}}],"collection":[{"href":"https:\/\/jorgezanoni.com.br\/2019\/wp-json\/wp\/v2\/posts"}],"about":[{"href":"https:\/\/jorgezanoni.com.br\/2019\/wp-json\/wp\/v2\/types\/post"}],"author":[{"embeddable":true,"href":"https:\/\/jorgezanoni.com.br\/2019\/wp-json\/wp\/v2\/users\/1"}],"replies":[{"embeddable":true,"href":"https:\/\/jorgezanoni.com.br\/2019\/wp-json\/wp\/v2\/comments?post=73682"}],"version-history":[{"count":1,"href":"https:\/\/jorgezanoni.com.br\/2019\/wp-json\/wp\/v2\/posts\/73682\/revisions"}],"predecessor-version":[{"id":73684,"href":"https:\/\/jorgezanoni.com.br\/2019\/wp-json\/wp\/v2\/posts\/73682\/revisions\/73684"}],"wp:featuredmedia":[{"embeddable":true,"href":"https:\/\/jorgezanoni.com.br\/2019\/wp-json\/wp\/v2\/media\/73683"}],"wp:attachment":[{"href":"https:\/\/jorgezanoni.com.br\/2019\/wp-json\/wp\/v2\/media?parent=73682"}],"wp:term":[{"taxonomy":"category","embeddable":true,"href":"https:\/\/jorgezanoni.com.br\/2019\/wp-json\/wp\/v2\/categories?post=73682"},{"taxonomy":"post_tag","embeddable":true,"href":"https:\/\/jorgezanoni.com.br\/2019\/wp-json\/wp\/v2\/tags?post=73682"}],"curies":[{"name":"wp","href":"https:\/\/api.w.org\/{rel}","templated":true}]}}