{"id":73679,"date":"2023-02-10T20:46:57","date_gmt":"2023-02-10T20:46:57","guid":{"rendered":"https:\/\/jorgezanoni.com.br\/2019\/?p=73679"},"modified":"2023-02-10T20:46:57","modified_gmt":"2023-02-10T20:46:57","slug":"dracena-tempersul-unifadra-inicia-pre-temporada","status":"publish","type":"post","link":"https:\/\/jorgezanoni.com.br\/2019\/dracena-tempersul-unifadra-inicia-pre-temporada\/","title":{"rendered":"Dracena Tempersul Unifadra inicia pr\u00e9-temporada"},"content":{"rendered":"<p class=\"v1MsoNormal\" style=\"text-align: justify;\">O elenco de 2023 do Dracena Tempersul Unifadra inicia os trabalhos de pr\u00e9-temporada na pr\u00f3xima segunda-feira (13), a partir das 10h, no gin\u00e1sio Alaor Ferrari.<\/p>\n<p class=\"v1MsoNormal\" style=\"text-align: justify;\">Com quatro atletas remanescentes do time vice-campe\u00e3o da Liga Paulista em 2022 e 11 contratados, a equipe apostou na mescla de juventude com experi\u00eancia na composi\u00e7\u00e3o do elenco.<\/p>\n<p class=\"v1MsoNormal\" style=\"text-align: justify;\">J\u00e1 a comiss\u00e3o t\u00e9cnica dracenense teve a adi\u00e7\u00e3o do preparador f\u00edsico Wallace Leandro, que se junta ao t\u00e9cnico Flavinho Cavalcante, ao preparador de goleiros Kynha, ao auxiliar de prepara\u00e7\u00e3o Guilherme Costa e ao mordomo Jo\u00e3o V\u00edtor.<\/p>\n<p class=\"v1MsoNormal\" style=\"text-align: justify;\">&#8220;A expectativa \u00e9 que tenhamos mais um ano bom. Ser\u00e1 uma temporada muito dif\u00edcil para n\u00f3s, de reconstru\u00e7\u00e3o, pois perdemos todas as refer\u00eancias da equipe e 80% do time foi remodelado. Come\u00e7ar um novo trabalho requer tempo e bastante paci\u00eancia. Montar uma equipe praticamente inteira e fazer todas as variantes que um jogo de futsal exige n\u00e3o \u00e9 uma tarefa f\u00e1cil.&#8221;, analisou o t\u00e9cnico Flavinho Cavalcante.<\/p>\n<p class=\"v1MsoNormal\" style=\"text-align: justify;\">Neste ano a equipe optou por disputar o campeonato da Federa\u00e7\u00e3o Paulista de Futsal no primeiro semestre. &#8220;Acredito que seja um desafio a mais para n\u00f3s. Ser\u00e3o novos advers\u00e1rios e certamente outras dificuldades em nosso caminho&#8221;, disse o presidente Lucas Batista.<\/p>\n<p class=\"v1MsoNormal\" style=\"text-align: justify;\"><b>Elenco 2023<\/b><\/p>\n<p class=\"v1MsoNormal\" style=\"text-align: justify;\">Goleiros: Tiago (renova\u00e7\u00e3o) e Benitez (renova\u00e7\u00e3o)<\/p>\n<p class=\"v1MsoNormal\" style=\"text-align: justify;\">Fixos: Simas (Blumenau\/SC), Marinho (Curitibanos\/SC), Xicru (Tanabi\/SP) e Lipe (categorias de base)<\/p>\n<p class=\"v1MsoNormal\" style=\"text-align: justify;\">Alas destros: C\u00e9sar Kant\u00e9 (Pinda\/SP), Bruninho (Tanabi\/SP) e Alem\u00e3o (renova\u00e7\u00e3o)<\/p>\n<p class=\"v1MsoNormal\" style=\"text-align: justify;\">Alas canhotos: Alanzinho (renova\u00e7\u00e3o), PH (Sercca\/RS), Batista (Marau\/RS) e Nathan (Shabbab Al-Ahli Dubai\/EAU)<\/p>\n<p class=\"v1MsoNormal\" style=\"text-align: justify;\">Piv\u00f4s: Isaac (renova\u00e7\u00e3o), Luan (Entre-Iju\u00eds\/RS) e Vitinho (Maranguape\/CE)<\/p>\n<p>Fonte: Assessoria de Imprensa<\/p>\n","protected":false},"excerpt":{"rendered":"<p>O elenco de 2023 do Dracena Tempersul Unifadra inicia os trabalhos de pr\u00e9-temporada na pr\u00f3xima segunda-feira (13), a partir das 10h, no gin\u00e1sio Alaor Ferrari. Com quatro atletas remanescentes do time vice-campe\u00e3o da Liga Paulista em 2022 e 11 contratados, a equipe apostou na mescla de juventude com experi\u00eancia na composi\u00e7\u00e3o do elenco. J\u00e1 a [&hellip;]<\/p>\n","protected":false},"author":1,"featured_media":73680,"comment_status":"closed","ping_status":"open","sticky":false,"template":"","format":"standard","meta":{"footnotes":""},"categories":[111,110],"tags":[],"class_list":["post-73679","post","type-post","status-publish","format-standard","has-post-thumbnail","hentry","category-esporteecultura","category-noticiasdestaque"],"_links":{"self":[{"href":"https:\/\/jorgezanoni.com.br\/2019\/wp-json\/wp\/v2\/posts\/73679","targetHints":{"allow":["GET"]}}],"collection":[{"href":"https:\/\/jorgezanoni.com.br\/2019\/wp-json\/wp\/v2\/posts"}],"about":[{"href":"https:\/\/jorgezanoni.com.br\/2019\/wp-json\/wp\/v2\/types\/post"}],"author":[{"embeddable":true,"href":"https:\/\/jorgezanoni.com.br\/2019\/wp-json\/wp\/v2\/users\/1"}],"replies":[{"embeddable":true,"href":"https:\/\/jorgezanoni.com.br\/2019\/wp-json\/wp\/v2\/comments?post=73679"}],"version-history":[{"count":1,"href":"https:\/\/jorgezanoni.com.br\/2019\/wp-json\/wp\/v2\/posts\/73679\/revisions"}],"predecessor-version":[{"id":73681,"href":"https:\/\/jorgezanoni.com.br\/2019\/wp-json\/wp\/v2\/posts\/73679\/revisions\/73681"}],"wp:featuredmedia":[{"embeddable":true,"href":"https:\/\/jorgezanoni.com.br\/2019\/wp-json\/wp\/v2\/media\/73680"}],"wp:attachment":[{"href":"https:\/\/jorgezanoni.com.br\/2019\/wp-json\/wp\/v2\/media?parent=73679"}],"wp:term":[{"taxonomy":"category","embeddable":true,"href":"https:\/\/jorgezanoni.com.br\/2019\/wp-json\/wp\/v2\/categories?post=73679"},{"taxonomy":"post_tag","embeddable":true,"href":"https:\/\/jorgezanoni.com.br\/2019\/wp-json\/wp\/v2\/tags?post=73679"}],"curies":[{"name":"wp","href":"https:\/\/api.w.org\/{rel}","templated":true}]}}