{"id":73672,"date":"2023-02-10T16:11:30","date_gmt":"2023-02-10T16:11:30","guid":{"rendered":"https:\/\/jorgezanoni.com.br\/2019\/?p=73672"},"modified":"2023-02-10T16:11:30","modified_gmt":"2023-02-10T16:11:30","slug":"recepcao-aos-calouros-da-unifadra-dracena","status":"publish","type":"post","link":"https:\/\/jorgezanoni.com.br\/2019\/recepcao-aos-calouros-da-unifadra-dracena\/","title":{"rendered":"Recep\u00e7\u00e3o aos calouros da Unifadra Dracena"},"content":{"rendered":"<p style=\"text-align: justify;\"><span style=\"font-size: large;\">No dia 13 de fevereiro, os calouros dos cursos de Educa\u00e7\u00e3o F\u00edsica, Enfermagem, Pedagogia, Psicologia e Tecnologia em An\u00e1lise e Desenvolvimento de Sistemas ser\u00e3o recebidos na Unifadra Dracena.<\/span><\/p>\n<p><span style=\"font-size: large;\">Os coordenadores dos cursos e os veteranos prepararam uma recep\u00e7\u00e3o calorosa aos ingressantes, que\u00a0<\/span>conta<span style=\"font-size: large;\">\u00a0com atividades de integra\u00e7\u00e3o, al\u00e9m da apresenta\u00e7\u00e3o do corpo docente e das campanhas de a\u00e7\u00e3o solid\u00e1ria que cada curso estar\u00e1 desenvolvendo ao longo dessa primeira semana.<\/span><\/p>\n<p><span style=\"font-size: large;\">MATR\u00cdCULAS ABERTAS!!<\/span><br \/>\n<span style=\"font-size: large;\">Para os interessados em iniciar os estudos em 2023, o vestibular da Unifadra ainda est\u00e1 com inscri\u00e7\u00f5es abertas para ingresso imediato ap\u00f3s a aprova\u00e7\u00e3o! Inscri\u00e7\u00f5es pelo link\u00a0<a href=\"https:\/\/fundec.edu.br\/vestibular\" target=\"_blank\" rel=\"noopener noreferrer\">https:\/\/fundec.edu.br\/vestibular<\/a>\u00a0, at\u00e9 o dia 17\/02. Mais informa\u00e7\u00f5es: (18) 3821-9004.<\/span><\/p>\n<p>Fonte: Depto. de Comunica\u00e7\u00e3o da Fundec<\/p>\n","protected":false},"excerpt":{"rendered":"<p>No dia 13 de fevereiro, os calouros dos cursos de Educa\u00e7\u00e3o F\u00edsica, Enfermagem, Pedagogia, Psicologia e Tecnologia em An\u00e1lise e Desenvolvimento de Sistemas ser\u00e3o recebidos na Unifadra Dracena. Os coordenadores dos cursos e os veteranos prepararam uma recep\u00e7\u00e3o calorosa aos ingressantes, que\u00a0conta\u00a0com atividades de integra\u00e7\u00e3o, al\u00e9m da apresenta\u00e7\u00e3o do corpo docente e das campanhas de [&hellip;]<\/p>\n","protected":false},"author":1,"featured_media":73673,"comment_status":"closed","ping_status":"open","sticky":false,"template":"","format":"standard","meta":{"footnotes":""},"categories":[110,122],"tags":[],"class_list":["post-73672","post","type-post","status-publish","format-standard","has-post-thumbnail","hentry","category-noticiasdestaque","category-saudeeducacaoeconcurso"],"_links":{"self":[{"href":"https:\/\/jorgezanoni.com.br\/2019\/wp-json\/wp\/v2\/posts\/73672","targetHints":{"allow":["GET"]}}],"collection":[{"href":"https:\/\/jorgezanoni.com.br\/2019\/wp-json\/wp\/v2\/posts"}],"about":[{"href":"https:\/\/jorgezanoni.com.br\/2019\/wp-json\/wp\/v2\/types\/post"}],"author":[{"embeddable":true,"href":"https:\/\/jorgezanoni.com.br\/2019\/wp-json\/wp\/v2\/users\/1"}],"replies":[{"embeddable":true,"href":"https:\/\/jorgezanoni.com.br\/2019\/wp-json\/wp\/v2\/comments?post=73672"}],"version-history":[{"count":1,"href":"https:\/\/jorgezanoni.com.br\/2019\/wp-json\/wp\/v2\/posts\/73672\/revisions"}],"predecessor-version":[{"id":73674,"href":"https:\/\/jorgezanoni.com.br\/2019\/wp-json\/wp\/v2\/posts\/73672\/revisions\/73674"}],"wp:featuredmedia":[{"embeddable":true,"href":"https:\/\/jorgezanoni.com.br\/2019\/wp-json\/wp\/v2\/media\/73673"}],"wp:attachment":[{"href":"https:\/\/jorgezanoni.com.br\/2019\/wp-json\/wp\/v2\/media?parent=73672"}],"wp:term":[{"taxonomy":"category","embeddable":true,"href":"https:\/\/jorgezanoni.com.br\/2019\/wp-json\/wp\/v2\/categories?post=73672"},{"taxonomy":"post_tag","embeddable":true,"href":"https:\/\/jorgezanoni.com.br\/2019\/wp-json\/wp\/v2\/tags?post=73672"}],"curies":[{"name":"wp","href":"https:\/\/api.w.org\/{rel}","templated":true}]}}