{"id":73666,"date":"2023-02-10T15:54:56","date_gmt":"2023-02-10T15:54:56","guid":{"rendered":"https:\/\/jorgezanoni.com.br\/2019\/?p=73666"},"modified":"2023-02-10T15:54:56","modified_gmt":"2023-02-10T15:54:56","slug":"talento-conheca-mais-um-jovem-desenhista-do-colegio-anglo-cid","status":"publish","type":"post","link":"https:\/\/jorgezanoni.com.br\/2019\/talento-conheca-mais-um-jovem-desenhista-do-colegio-anglo-cid\/","title":{"rendered":"Talento: conhe\u00e7a mais um jovem desenhista do col\u00e9gio Anglo-CID"},"content":{"rendered":"<p style=\"text-align: justify;\"><span style=\"font-size: large;\">Gabriel Fernando Almeida <\/span>Mintioti,<span style=\"font-size: large;\">\u00a0estudante do 6\u00ba ano do Anglo-CID, \u00e9 fera nas artes visuais! No final do ano de 2021, estimulado pelos desenhos produzidos por seus amigos, lan\u00e7ou-se a pesquisar e assistir v\u00eddeos tutoriais com o intuito de tamb\u00e9m aprender e se desenvolver atrav\u00e9s da arte.<\/span><\/p>\n<p><span style=\"font-size: large;\">Sua fam\u00edlia, diante das habilidades e do talento que nele dia a dia despontavam, somava todos os esfor\u00e7os para adquirir os recursos financeiros e custear os materiais necess\u00e1rios para que Gabriel produzisse seus trabalhos.<\/span><\/p>\n<p><span style=\"font-size: large;\">Durante um per\u00edodo, o estudante frequentou aulas de Arte Real\u00edstica no Centro Cultural &#8220;Luiz Carlos Zaniboni&#8221;, que contribu\u00edram para que ele, com um olhar mais apurado, aperfei\u00e7oasse suas linhas e formas a cada nova produ\u00e7\u00e3o. Alguns de seus trabalhos podem ser vistos em @gabrielmintioti .<\/span><\/p>\n<p><span style=\"font-size: large;\">&#8220;Estimado Gabriel, parab\u00e9ns pelo maravilhoso talento! Desejamos que voc\u00ea siga determinado e feliz em t\u00e3o maravilhosa arte!&#8221;, destaca a coordenadora pedag\u00f3gica Cristiane Cardozo da Silva.<\/span><\/p>\n<p><span style=\"font-size: large;\">Se voc\u00ea \u00e9 aluno do Anglo-CID e tamb\u00e9m tem um talento para nos mostrar, entre em contato com a coordena\u00e7\u00e3o para divulgarmos!<\/span><\/p>\n<p>Fonte: Depto. de Comunica\u00e7\u00e3o da Fundec<\/p>\n","protected":false},"excerpt":{"rendered":"<p>Gabriel Fernando Almeida Mintioti,\u00a0estudante do 6\u00ba ano do Anglo-CID, \u00e9 fera nas artes visuais! No final do ano de 2021, estimulado pelos desenhos produzidos por seus amigos, lan\u00e7ou-se a pesquisar e assistir v\u00eddeos tutoriais com o intuito de tamb\u00e9m aprender e se desenvolver atrav\u00e9s da arte. Sua fam\u00edlia, diante das habilidades e do talento que [&hellip;]<\/p>\n","protected":false},"author":1,"featured_media":73667,"comment_status":"closed","ping_status":"open","sticky":false,"template":"","format":"standard","meta":{"footnotes":""},"categories":[110,122],"tags":[],"class_list":["post-73666","post","type-post","status-publish","format-standard","has-post-thumbnail","hentry","category-noticiasdestaque","category-saudeeducacaoeconcurso"],"_links":{"self":[{"href":"https:\/\/jorgezanoni.com.br\/2019\/wp-json\/wp\/v2\/posts\/73666","targetHints":{"allow":["GET"]}}],"collection":[{"href":"https:\/\/jorgezanoni.com.br\/2019\/wp-json\/wp\/v2\/posts"}],"about":[{"href":"https:\/\/jorgezanoni.com.br\/2019\/wp-json\/wp\/v2\/types\/post"}],"author":[{"embeddable":true,"href":"https:\/\/jorgezanoni.com.br\/2019\/wp-json\/wp\/v2\/users\/1"}],"replies":[{"embeddable":true,"href":"https:\/\/jorgezanoni.com.br\/2019\/wp-json\/wp\/v2\/comments?post=73666"}],"version-history":[{"count":1,"href":"https:\/\/jorgezanoni.com.br\/2019\/wp-json\/wp\/v2\/posts\/73666\/revisions"}],"predecessor-version":[{"id":73668,"href":"https:\/\/jorgezanoni.com.br\/2019\/wp-json\/wp\/v2\/posts\/73666\/revisions\/73668"}],"wp:featuredmedia":[{"embeddable":true,"href":"https:\/\/jorgezanoni.com.br\/2019\/wp-json\/wp\/v2\/media\/73667"}],"wp:attachment":[{"href":"https:\/\/jorgezanoni.com.br\/2019\/wp-json\/wp\/v2\/media?parent=73666"}],"wp:term":[{"taxonomy":"category","embeddable":true,"href":"https:\/\/jorgezanoni.com.br\/2019\/wp-json\/wp\/v2\/categories?post=73666"},{"taxonomy":"post_tag","embeddable":true,"href":"https:\/\/jorgezanoni.com.br\/2019\/wp-json\/wp\/v2\/tags?post=73666"}],"curies":[{"name":"wp","href":"https:\/\/api.w.org\/{rel}","templated":true}]}}