{"id":73653,"date":"2023-02-10T02:13:04","date_gmt":"2023-02-10T02:13:04","guid":{"rendered":"https:\/\/jorgezanoni.com.br\/2019\/?p=73653"},"modified":"2023-02-10T02:14:10","modified_gmt":"2023-02-10T02:14:10","slug":"briga-generalizada-na-saida-de-escola-termina-com-adolescentes-feridos-em-panorama","status":"publish","type":"post","link":"https:\/\/jorgezanoni.com.br\/2019\/briga-generalizada-na-saida-de-escola-termina-com-adolescentes-feridos-em-panorama\/","title":{"rendered":"Briga generalizada na sa\u00edda de Escola termina com adolescentes feridos em Panorama"},"content":{"rendered":"<p style=\"text-align: justify;\">Na data de hoje (09) por volta das 14h35min a Pol\u00edcia Militar foi acionada via 190 para briga generalizada em uma escola na cidade de Panorama, onde segundo consta tres adolescentes foram feridos a golpes de faca, durante a ocorr\u00eancia.<br \/>\nSegundo declara\u00e7\u00f5es a v\u00edtima de 17 anos vinha amea\u00e7ando o autor (16 anos) e esse contou para seu irm\u00e3o sobre as amea\u00e7as e o chamou para aguard\u00e1-lo na sa\u00edda da escola e o irm\u00e3o por sua vez chamou um amigo.<br \/>\nNa sa\u00edda ocorreu o desentendimento entre as partes, vindo a v\u00edtima a receber 04 golpes de faca nas costas, desferidos a princ\u00edpio pelo autor e o autor foi atingido com 01 golpe na altura do pesco\u00e7o desferido pela v\u00edtima que tamb\u00e9m estava armado com faca segundo testemunhas no local e tamb\u00e9m uma adolescente 14 anos foi atingida tendo um corte no bra\u00e7o.<br \/>\nA v\u00edtima com 4 cortes foi socorrida ao Pronto Atendimento Municipal de Panorama e transferido para Presidente Prudente e os demais atendidos no Pronto Socorro local.<\/p>\n<p style=\"text-align: justify;\">#25bpmi<br \/>\n#cpi8<br \/>\n#POLICIAMILITARSP<br \/>\n#AFOR\u00c7AP\u00daBLICADES\u00c3OPAULO<br \/>\nComunica\u00e7\u00e3o Social do 25BPMI e regi\u00e3o<\/p>\n","protected":false},"excerpt":{"rendered":"<p>Na data de hoje (09) por volta das 14h35min a Pol\u00edcia Militar foi acionada via 190 para briga generalizada em uma escola na cidade de Panorama, onde segundo consta tres adolescentes foram feridos a golpes de faca, durante a ocorr\u00eancia. Segundo declara\u00e7\u00f5es a v\u00edtima de 17 anos vinha amea\u00e7ando o autor (16 anos) e esse [&hellip;]<\/p>\n","protected":false},"author":1,"featured_media":73655,"comment_status":"closed","ping_status":"open","sticky":false,"template":"","format":"standard","meta":{"footnotes":""},"categories":[110,2],"tags":[],"class_list":["post-73653","post","type-post","status-publish","format-standard","has-post-thumbnail","hentry","category-noticiasdestaque","category-policial"],"_links":{"self":[{"href":"https:\/\/jorgezanoni.com.br\/2019\/wp-json\/wp\/v2\/posts\/73653","targetHints":{"allow":["GET"]}}],"collection":[{"href":"https:\/\/jorgezanoni.com.br\/2019\/wp-json\/wp\/v2\/posts"}],"about":[{"href":"https:\/\/jorgezanoni.com.br\/2019\/wp-json\/wp\/v2\/types\/post"}],"author":[{"embeddable":true,"href":"https:\/\/jorgezanoni.com.br\/2019\/wp-json\/wp\/v2\/users\/1"}],"replies":[{"embeddable":true,"href":"https:\/\/jorgezanoni.com.br\/2019\/wp-json\/wp\/v2\/comments?post=73653"}],"version-history":[{"count":1,"href":"https:\/\/jorgezanoni.com.br\/2019\/wp-json\/wp\/v2\/posts\/73653\/revisions"}],"predecessor-version":[{"id":73654,"href":"https:\/\/jorgezanoni.com.br\/2019\/wp-json\/wp\/v2\/posts\/73653\/revisions\/73654"}],"wp:featuredmedia":[{"embeddable":true,"href":"https:\/\/jorgezanoni.com.br\/2019\/wp-json\/wp\/v2\/media\/73655"}],"wp:attachment":[{"href":"https:\/\/jorgezanoni.com.br\/2019\/wp-json\/wp\/v2\/media?parent=73653"}],"wp:term":[{"taxonomy":"category","embeddable":true,"href":"https:\/\/jorgezanoni.com.br\/2019\/wp-json\/wp\/v2\/categories?post=73653"},{"taxonomy":"post_tag","embeddable":true,"href":"https:\/\/jorgezanoni.com.br\/2019\/wp-json\/wp\/v2\/tags?post=73653"}],"curies":[{"name":"wp","href":"https:\/\/api.w.org\/{rel}","templated":true}]}}