{"id":73649,"date":"2023-02-09T15:47:16","date_gmt":"2023-02-09T15:47:16","guid":{"rendered":"https:\/\/jorgezanoni.com.br\/2019\/?p=73649"},"modified":"2023-02-09T15:47:16","modified_gmt":"2023-02-09T15:47:16","slug":"crianca-de-7-anos-e-esquecida-dentro-de-onibus-escolar-em-dracena","status":"publish","type":"post","link":"https:\/\/jorgezanoni.com.br\/2019\/crianca-de-7-anos-e-esquecida-dentro-de-onibus-escolar-em-dracena\/","title":{"rendered":"Crian\u00e7a de 7 anos \u00e9 esquecida dentro de \u00f4nibus escolar em Dracena"},"content":{"rendered":"<p><strong>EXCLUSIVO SITE JZ E TOP TV.<\/strong><\/p>\n<p style=\"text-align: justify;\"><strong>Caso aconteceu no per\u00edodo da manh\u00e3 de ontem com aluno da rede municipal de ensino de Dracena. Fato chegou ao conhecimento do Minist\u00e9rio P\u00fablico. Secret\u00e1ria da Educa\u00e7\u00e3o foi ouvida pela reportagem<\/strong>.<\/p>\n<p style=\"text-align: justify;\"><strong>Veja o que diz a m\u00e3e da crian\u00e7a:<\/strong><\/p>\n<p style=\"text-align: justify;\">&#8220;Gostaria muito de fazer uma reclama\u00e7\u00e3o sobre um acontecimento hj com meu filho 7 anos .. eu havia levado ele para a escola onde ele pega o \u00f4nibus escolar para ir para o projeto da AABB que leva e traz as crian\u00e7as at\u00e9 o hor\u00e1rio da escola para q possam estudar no per\u00edodo da tarde eu estava despreocupada pelo fato dele j\u00e1 est\u00e1 na escola ao chegar em casa ao meio dia pois estava vindo de uma consulta no AME ap\u00f3s meia hora q j\u00e1 era pro meu filho est\u00e1 na escola ele chega em casa acompanhado de uma homem na qual eu n\u00e3o conhecia relatando ter dormido e ele foi esquecido dentro do \u00f4nibus onde o motorista havia descido e fechado o \u00f4nibus esse homem q o trouxe o ajudou ele a sair pela janela do \u00f4nibus por estava chorando muito&#8230; Estou indignada pela falta de compet\u00eancia e cuidado por ter deixado um incapaz sozinho dentro de um \u00f4nibus sem se quer ter conferido se TD haviam descido do \u00f4nibus . Eu achando q meu filho estava seguro na escola ele estava dentro de um \u00f4nibus onde o motorista seria o respons\u00e1vel pelo seus passageiro o deixando la isso tudo no hor\u00e1rio de meio dia no calor que fez no dia de 08\/02\/2023 J\u00e1 tomei as provid\u00eancias cab\u00edveis mais deixo aqui minha indigna\u00e7\u00e3o e um alerta as m\u00e3es para que n\u00e3o aconte\u00e7a mais nem com os meus nem com nenhuma outra crian\u00e7a<\/p>\n<p style=\"text-align: justify;\"><strong>Termo de Declara\u00e7\u00e3o registrado no Minist\u00e9rio P\u00fablico:<\/strong><\/p>\n<p><img loading=\"lazy\" decoding=\"async\" class=\"alignnone size-full wp-image-73650\" src=\"https:\/\/jorgezanoni.com.br\/2019\/wp-content\/uploads\/2023\/02\/mp-2.jpg\" alt=\"\" width=\"899\" height=\"1308\" srcset=\"https:\/\/jorgezanoni.com.br\/2019\/wp-content\/uploads\/2023\/02\/mp-2.jpg 899w, https:\/\/jorgezanoni.com.br\/2019\/wp-content\/uploads\/2023\/02\/mp-2-206x300.jpg 206w, https:\/\/jorgezanoni.com.br\/2019\/wp-content\/uploads\/2023\/02\/mp-2-704x1024.jpg 704w, https:\/\/jorgezanoni.com.br\/2019\/wp-content\/uploads\/2023\/02\/mp-2-768x1117.jpg 768w, https:\/\/jorgezanoni.com.br\/2019\/wp-content\/uploads\/2023\/02\/mp-2-696x1013.jpg 696w, https:\/\/jorgezanoni.com.br\/2019\/wp-content\/uploads\/2023\/02\/mp-2-289x420.jpg 289w\" sizes=\"auto, (max-width: 899px) 100vw, 899px\" \/><\/p>\n<p style=\"text-align: justify;\">Posi\u00e7\u00e3o da Secret\u00e1ria de Educa\u00e7\u00e3o do Munic\u00edpio:<\/p>\n<p style=\"text-align: justify;\">A Secret\u00e1ria de Educa\u00e7\u00e3o do Munic\u00edpio de Dracena, senhora Sabrina Aparecida da Silva Lima, atendeu a reportagem do Site JZ e TOP TV, via celular e nos informou que realmente tem conhecimento do caso. Disse tamb\u00e9m que al\u00e9m do motorista havia um professor que acompanha os alunos e estava no \u00f4nibus. Que o coletivo permaneceu na frente da Secretaria da Sa\u00fade por aproximadamente dez minutos ap\u00f3s o t\u00e9rmino do roteiro e que seres humanos tamb\u00e9m cometem falhas, mas que est\u00e1 \u00e0 disposi\u00e7\u00e3o para resolver a situa\u00e7\u00e3o da melhor forma poss\u00edvel.<\/p>\n<p style=\"text-align: justify;\">Jorge Zanoni<\/p>\n<p>Foto Ilustrativa<\/p>\n<p>&nbsp;<\/p>\n","protected":false},"excerpt":{"rendered":"<p>EXCLUSIVO SITE JZ E TOP TV. Caso aconteceu no per\u00edodo da manh\u00e3 de ontem com aluno da rede municipal de ensino de Dracena. Fato chegou ao conhecimento do Minist\u00e9rio P\u00fablico. Secret\u00e1ria da Educa\u00e7\u00e3o foi ouvida pela reportagem. Veja o que diz a m\u00e3e da crian\u00e7a: &#8220;Gostaria muito de fazer uma reclama\u00e7\u00e3o sobre um acontecimento hj [&hellip;]<\/p>\n","protected":false},"author":1,"featured_media":73651,"comment_status":"closed","ping_status":"open","sticky":false,"template":"","format":"standard","meta":{"footnotes":""},"categories":[110,2,122],"tags":[],"class_list":["post-73649","post","type-post","status-publish","format-standard","has-post-thumbnail","hentry","category-noticiasdestaque","category-policial","category-saudeeducacaoeconcurso"],"_links":{"self":[{"href":"https:\/\/jorgezanoni.com.br\/2019\/wp-json\/wp\/v2\/posts\/73649","targetHints":{"allow":["GET"]}}],"collection":[{"href":"https:\/\/jorgezanoni.com.br\/2019\/wp-json\/wp\/v2\/posts"}],"about":[{"href":"https:\/\/jorgezanoni.com.br\/2019\/wp-json\/wp\/v2\/types\/post"}],"author":[{"embeddable":true,"href":"https:\/\/jorgezanoni.com.br\/2019\/wp-json\/wp\/v2\/users\/1"}],"replies":[{"embeddable":true,"href":"https:\/\/jorgezanoni.com.br\/2019\/wp-json\/wp\/v2\/comments?post=73649"}],"version-history":[{"count":1,"href":"https:\/\/jorgezanoni.com.br\/2019\/wp-json\/wp\/v2\/posts\/73649\/revisions"}],"predecessor-version":[{"id":73652,"href":"https:\/\/jorgezanoni.com.br\/2019\/wp-json\/wp\/v2\/posts\/73649\/revisions\/73652"}],"wp:featuredmedia":[{"embeddable":true,"href":"https:\/\/jorgezanoni.com.br\/2019\/wp-json\/wp\/v2\/media\/73651"}],"wp:attachment":[{"href":"https:\/\/jorgezanoni.com.br\/2019\/wp-json\/wp\/v2\/media?parent=73649"}],"wp:term":[{"taxonomy":"category","embeddable":true,"href":"https:\/\/jorgezanoni.com.br\/2019\/wp-json\/wp\/v2\/categories?post=73649"},{"taxonomy":"post_tag","embeddable":true,"href":"https:\/\/jorgezanoni.com.br\/2019\/wp-json\/wp\/v2\/tags?post=73649"}],"curies":[{"name":"wp","href":"https:\/\/api.w.org\/{rel}","templated":true}]}}