{"id":73641,"date":"2023-02-09T02:21:59","date_gmt":"2023-02-09T02:21:59","guid":{"rendered":"https:\/\/jorgezanoni.com.br\/2019\/?p=73641"},"modified":"2023-02-09T02:23:02","modified_gmt":"2023-02-09T02:23:02","slug":"herois-policiais-militares-salvam-pessoa-acama-em-incendio-em-dracena","status":"publish","type":"post","link":"https:\/\/jorgezanoni.com.br\/2019\/herois-policiais-militares-salvam-pessoa-acama-em-incendio-em-dracena\/","title":{"rendered":"HER\u00d3IS: Policiais Militares salvam pessoa acamada em inc\u00eandio em Dracena"},"content":{"rendered":"<p style=\"text-align: justify;\">Um inc\u00eandio ocorreu agora na tarde de hoje (8) por volta das 16h49min em Dracena na Rua Brasil, na Vila Barros, em uma casa de madeira, local com muito material de reciclagem. A casa ficou totalmente destru\u00edda,<br \/>\nOs policiais militares, Cb Sartori e o Cb Pavim, estavam em patrulhamento nas proximidades, quando foram alertados por populares que estava havendo o inc\u00eandio. Rapidamente deslocaram no local e ao chegar foram informados que dentro da resid\u00eancia havia uma pessoa acamada ( homem 55 anos) com defici\u00eancia motora, que somente consegue se deslocar por meio de cadeira de rodas.<br \/>\nDe pronto, a equipe adentrou o local e salvaram a vida do homem.<br \/>\nAs causas do inc\u00eandio ser\u00e3o apuradas.<\/p>\n<p style=\"text-align: justify;\">#25BPMI<br \/>\n#CPI8<br \/>\n#POLICIAMILITARSP<br \/>\n#AFOR\u00c7APUBLICADES\u00c3OPAULO<\/p>\n<p>Foto: Paulo Bortotti\/Tv Interativa<\/p>\n<p style=\"text-align: justify;\"><strong>NOTA: O Site JZ parabeniza o Cb Sartori e o Cb Pavim, n\u00e3o s\u00f3 pelo feito de hoje, mas pela maneira profissional que sempre trata a todos, especialmente a imprensa.<\/strong><\/p>\n<p>&nbsp;<\/p>\n","protected":false},"excerpt":{"rendered":"<p>Um inc\u00eandio ocorreu agora na tarde de hoje (8) por volta das 16h49min em Dracena na Rua Brasil, na Vila Barros, em uma casa de madeira, local com muito material de reciclagem. A casa ficou totalmente destru\u00edda, Os policiais militares, Cb Sartori e o Cb Pavim, estavam em patrulhamento nas proximidades, quando foram alertados por [&hellip;]<\/p>\n","protected":false},"author":1,"featured_media":73642,"comment_status":"closed","ping_status":"open","sticky":false,"template":"","format":"standard","meta":{"footnotes":""},"categories":[110,2],"tags":[],"class_list":["post-73641","post","type-post","status-publish","format-standard","has-post-thumbnail","hentry","category-noticiasdestaque","category-policial"],"_links":{"self":[{"href":"https:\/\/jorgezanoni.com.br\/2019\/wp-json\/wp\/v2\/posts\/73641","targetHints":{"allow":["GET"]}}],"collection":[{"href":"https:\/\/jorgezanoni.com.br\/2019\/wp-json\/wp\/v2\/posts"}],"about":[{"href":"https:\/\/jorgezanoni.com.br\/2019\/wp-json\/wp\/v2\/types\/post"}],"author":[{"embeddable":true,"href":"https:\/\/jorgezanoni.com.br\/2019\/wp-json\/wp\/v2\/users\/1"}],"replies":[{"embeddable":true,"href":"https:\/\/jorgezanoni.com.br\/2019\/wp-json\/wp\/v2\/comments?post=73641"}],"version-history":[{"count":2,"href":"https:\/\/jorgezanoni.com.br\/2019\/wp-json\/wp\/v2\/posts\/73641\/revisions"}],"predecessor-version":[{"id":73644,"href":"https:\/\/jorgezanoni.com.br\/2019\/wp-json\/wp\/v2\/posts\/73641\/revisions\/73644"}],"wp:featuredmedia":[{"embeddable":true,"href":"https:\/\/jorgezanoni.com.br\/2019\/wp-json\/wp\/v2\/media\/73642"}],"wp:attachment":[{"href":"https:\/\/jorgezanoni.com.br\/2019\/wp-json\/wp\/v2\/media?parent=73641"}],"wp:term":[{"taxonomy":"category","embeddable":true,"href":"https:\/\/jorgezanoni.com.br\/2019\/wp-json\/wp\/v2\/categories?post=73641"},{"taxonomy":"post_tag","embeddable":true,"href":"https:\/\/jorgezanoni.com.br\/2019\/wp-json\/wp\/v2\/tags?post=73641"}],"curies":[{"name":"wp","href":"https:\/\/api.w.org\/{rel}","templated":true}]}}