{"id":73626,"date":"2023-02-09T01:05:15","date_gmt":"2023-02-09T01:05:15","guid":{"rendered":"https:\/\/jorgezanoni.com.br\/2019\/?p=73626"},"modified":"2023-02-09T02:34:48","modified_gmt":"2023-02-09T02:34:48","slug":"aniversariantes-do-dia-09-02-23","status":"publish","type":"post","link":"https:\/\/jorgezanoni.com.br\/2019\/aniversariantes-do-dia-09-02-23\/","title":{"rendered":"Aniversariantes do Dia 09\/02\/23"},"content":{"rendered":"<p>O SITE JZ PARABENIZA OS ANIVERSARIANTES DE HOJE:<\/p>\n<p><img loading=\"lazy\" decoding=\"async\" class=\"alignnone size-full wp-image-73627\" src=\"https:\/\/jorgezanoni.com.br\/2019\/wp-content\/uploads\/2023\/02\/Ana-Lucia-Berne-Peres-2.jpg\" alt=\"\" width=\"542\" height=\"692\" srcset=\"https:\/\/jorgezanoni.com.br\/2019\/wp-content\/uploads\/2023\/02\/Ana-Lucia-Berne-Peres-2.jpg 542w, https:\/\/jorgezanoni.com.br\/2019\/wp-content\/uploads\/2023\/02\/Ana-Lucia-Berne-Peres-2-235x300.jpg 235w, https:\/\/jorgezanoni.com.br\/2019\/wp-content\/uploads\/2023\/02\/Ana-Lucia-Berne-Peres-2-329x420.jpg 329w\" sizes=\"auto, (max-width: 542px) 100vw, 542px\" \/>Ana Lucia Berni Peres<\/p>\n<p><img loading=\"lazy\" decoding=\"async\" class=\"alignnone size-full wp-image-73628\" src=\"https:\/\/jorgezanoni.com.br\/2019\/wp-content\/uploads\/2023\/02\/Aneliza-Dias-Vieira.jpg\" alt=\"\" width=\"700\" height=\"701\" srcset=\"https:\/\/jorgezanoni.com.br\/2019\/wp-content\/uploads\/2023\/02\/Aneliza-Dias-Vieira.jpg 700w, https:\/\/jorgezanoni.com.br\/2019\/wp-content\/uploads\/2023\/02\/Aneliza-Dias-Vieira-300x300.jpg 300w, https:\/\/jorgezanoni.com.br\/2019\/wp-content\/uploads\/2023\/02\/Aneliza-Dias-Vieira-150x150.jpg 150w, https:\/\/jorgezanoni.com.br\/2019\/wp-content\/uploads\/2023\/02\/Aneliza-Dias-Vieira-696x697.jpg 696w, https:\/\/jorgezanoni.com.br\/2019\/wp-content\/uploads\/2023\/02\/Aneliza-Dias-Vieira-419x420.jpg 419w\" sizes=\"auto, (max-width: 700px) 100vw, 700px\" \/>Aneliza Dias Vieira<\/p>\n<p><img loading=\"lazy\" decoding=\"async\" class=\"alignnone size-full wp-image-73645\" src=\"https:\/\/jorgezanoni.com.br\/2019\/wp-content\/uploads\/2023\/02\/Benicio-Rafael-1-aninho.jpg\" alt=\"\" width=\"540\" height=\"960\" srcset=\"https:\/\/jorgezanoni.com.br\/2019\/wp-content\/uploads\/2023\/02\/Benicio-Rafael-1-aninho.jpg 540w, https:\/\/jorgezanoni.com.br\/2019\/wp-content\/uploads\/2023\/02\/Benicio-Rafael-1-aninho-169x300.jpg 169w, https:\/\/jorgezanoni.com.br\/2019\/wp-content\/uploads\/2023\/02\/Benicio-Rafael-1-aninho-236x420.jpg 236w\" sizes=\"auto, (max-width: 540px) 100vw, 540px\" \/>Ben\u00edcio Rafael (1 aninho)<\/p>\n<p><img loading=\"lazy\" decoding=\"async\" class=\"alignnone size-full wp-image-73629\" src=\"https:\/\/jorgezanoni.com.br\/2019\/wp-content\/uploads\/2023\/02\/Bruna-Rissoli-Denadai.jpg\" alt=\"\" width=\"700\" height=\"700\" srcset=\"https:\/\/jorgezanoni.com.br\/2019\/wp-content\/uploads\/2023\/02\/Bruna-Rissoli-Denadai.jpg 700w, https:\/\/jorgezanoni.com.br\/2019\/wp-content\/uploads\/2023\/02\/Bruna-Rissoli-Denadai-300x300.jpg 300w, https:\/\/jorgezanoni.com.br\/2019\/wp-content\/uploads\/2023\/02\/Bruna-Rissoli-Denadai-150x150.jpg 150w, https:\/\/jorgezanoni.com.br\/2019\/wp-content\/uploads\/2023\/02\/Bruna-Rissoli-Denadai-696x696.jpg 696w, https:\/\/jorgezanoni.com.br\/2019\/wp-content\/uploads\/2023\/02\/Bruna-Rissoli-Denadai-420x420.jpg 420w\" sizes=\"auto, (max-width: 700px) 100vw, 700px\" \/>Bruna R\u00edssoli Dinadai<\/p>\n<p><img loading=\"lazy\" decoding=\"async\" class=\"alignnone size-full wp-image-73630\" src=\"https:\/\/jorgezanoni.com.br\/2019\/wp-content\/uploads\/2023\/02\/Divo-Troyano-2.jpg\" alt=\"\" width=\"457\" height=\"575\" srcset=\"https:\/\/jorgezanoni.com.br\/2019\/wp-content\/uploads\/2023\/02\/Divo-Troyano-2.jpg 457w, https:\/\/jorgezanoni.com.br\/2019\/wp-content\/uploads\/2023\/02\/Divo-Troyano-2-238x300.jpg 238w, https:\/\/jorgezanoni.com.br\/2019\/wp-content\/uploads\/2023\/02\/Divo-Troyano-2-334x420.jpg 334w\" sizes=\"auto, (max-width: 457px) 100vw, 457px\" \/>Divo Troyano<\/p>\n<p><img loading=\"lazy\" decoding=\"async\" class=\"alignnone size-full wp-image-73631\" src=\"https:\/\/jorgezanoni.com.br\/2019\/wp-content\/uploads\/2023\/02\/Fatima-Pascoaloto.jpg\" alt=\"\" width=\"459\" height=\"459\" srcset=\"https:\/\/jorgezanoni.com.br\/2019\/wp-content\/uploads\/2023\/02\/Fatima-Pascoaloto.jpg 459w, https:\/\/jorgezanoni.com.br\/2019\/wp-content\/uploads\/2023\/02\/Fatima-Pascoaloto-300x300.jpg 300w, https:\/\/jorgezanoni.com.br\/2019\/wp-content\/uploads\/2023\/02\/Fatima-Pascoaloto-150x150.jpg 150w, https:\/\/jorgezanoni.com.br\/2019\/wp-content\/uploads\/2023\/02\/Fatima-Pascoaloto-420x420.jpg 420w\" sizes=\"auto, (max-width: 459px) 100vw, 459px\" \/>Fatima Pascoaloto<\/p>\n<p><img loading=\"lazy\" decoding=\"async\" class=\"alignnone size-full wp-image-73632\" src=\"https:\/\/jorgezanoni.com.br\/2019\/wp-content\/uploads\/2023\/02\/Gasua-Plens.jpg\" alt=\"\" width=\"700\" height=\"709\" srcset=\"https:\/\/jorgezanoni.com.br\/2019\/wp-content\/uploads\/2023\/02\/Gasua-Plens.jpg 700w, https:\/\/jorgezanoni.com.br\/2019\/wp-content\/uploads\/2023\/02\/Gasua-Plens-296x300.jpg 296w, https:\/\/jorgezanoni.com.br\/2019\/wp-content\/uploads\/2023\/02\/Gasua-Plens-696x705.jpg 696w, https:\/\/jorgezanoni.com.br\/2019\/wp-content\/uploads\/2023\/02\/Gasua-Plens-415x420.jpg 415w\" sizes=\"auto, (max-width: 700px) 100vw, 700px\" \/>G\u00e1sua Plens<\/p>\n<p><img loading=\"lazy\" decoding=\"async\" class=\"alignnone size-full wp-image-73647\" src=\"https:\/\/jorgezanoni.com.br\/2019\/wp-content\/uploads\/2023\/02\/Giovana-Santiago-Orlando-7-anos-2.jpg\" alt=\"\" width=\"483\" height=\"1190\" srcset=\"https:\/\/jorgezanoni.com.br\/2019\/wp-content\/uploads\/2023\/02\/Giovana-Santiago-Orlando-7-anos-2.jpg 483w, https:\/\/jorgezanoni.com.br\/2019\/wp-content\/uploads\/2023\/02\/Giovana-Santiago-Orlando-7-anos-2-122x300.jpg 122w, https:\/\/jorgezanoni.com.br\/2019\/wp-content\/uploads\/2023\/02\/Giovana-Santiago-Orlando-7-anos-2-416x1024.jpg 416w, https:\/\/jorgezanoni.com.br\/2019\/wp-content\/uploads\/2023\/02\/Giovana-Santiago-Orlando-7-anos-2-170x420.jpg 170w\" sizes=\"auto, (max-width: 483px) 100vw, 483px\" \/>Giovana Santiago Orlando (7 anos)<\/p>\n<p><img loading=\"lazy\" decoding=\"async\" class=\"alignnone size-full wp-image-73633\" src=\"https:\/\/jorgezanoni.com.br\/2019\/wp-content\/uploads\/2023\/02\/Gisele-Lira.jpg\" alt=\"\" width=\"700\" height=\"702\" srcset=\"https:\/\/jorgezanoni.com.br\/2019\/wp-content\/uploads\/2023\/02\/Gisele-Lira.jpg 700w, https:\/\/jorgezanoni.com.br\/2019\/wp-content\/uploads\/2023\/02\/Gisele-Lira-300x300.jpg 300w, https:\/\/jorgezanoni.com.br\/2019\/wp-content\/uploads\/2023\/02\/Gisele-Lira-150x150.jpg 150w, https:\/\/jorgezanoni.com.br\/2019\/wp-content\/uploads\/2023\/02\/Gisele-Lira-696x698.jpg 696w, https:\/\/jorgezanoni.com.br\/2019\/wp-content\/uploads\/2023\/02\/Gisele-Lira-419x420.jpg 419w\" sizes=\"auto, (max-width: 700px) 100vw, 700px\" \/>Gisele Lira<\/p>\n<p><img loading=\"lazy\" decoding=\"async\" class=\"alignnone size-full wp-image-73634\" src=\"https:\/\/jorgezanoni.com.br\/2019\/wp-content\/uploads\/2023\/02\/Gracieli-Bezerra-2.jpg\" alt=\"\" width=\"700\" height=\"767\" srcset=\"https:\/\/jorgezanoni.com.br\/2019\/wp-content\/uploads\/2023\/02\/Gracieli-Bezerra-2.jpg 700w, https:\/\/jorgezanoni.com.br\/2019\/wp-content\/uploads\/2023\/02\/Gracieli-Bezerra-2-274x300.jpg 274w, https:\/\/jorgezanoni.com.br\/2019\/wp-content\/uploads\/2023\/02\/Gracieli-Bezerra-2-696x763.jpg 696w, https:\/\/jorgezanoni.com.br\/2019\/wp-content\/uploads\/2023\/02\/Gracieli-Bezerra-2-383x420.jpg 383w\" sizes=\"auto, (max-width: 700px) 100vw, 700px\" \/>Gracieli Bezerra<\/p>\n<p><img loading=\"lazy\" decoding=\"async\" class=\"alignnone size-full wp-image-73635\" src=\"https:\/\/jorgezanoni.com.br\/2019\/wp-content\/uploads\/2023\/02\/Maiara-Martins-2.jpg\" alt=\"\" width=\"700\" height=\"857\" srcset=\"https:\/\/jorgezanoni.com.br\/2019\/wp-content\/uploads\/2023\/02\/Maiara-Martins-2.jpg 700w, https:\/\/jorgezanoni.com.br\/2019\/wp-content\/uploads\/2023\/02\/Maiara-Martins-2-245x300.jpg 245w, https:\/\/jorgezanoni.com.br\/2019\/wp-content\/uploads\/2023\/02\/Maiara-Martins-2-696x852.jpg 696w, https:\/\/jorgezanoni.com.br\/2019\/wp-content\/uploads\/2023\/02\/Maiara-Martins-2-343x420.jpg 343w\" sizes=\"auto, (max-width: 700px) 100vw, 700px\" \/>Maiara Martins<\/p>\n<p><img loading=\"lazy\" decoding=\"async\" class=\"alignnone size-full wp-image-73636\" src=\"https:\/\/jorgezanoni.com.br\/2019\/wp-content\/uploads\/2023\/02\/Morena-Rocha-2.jpg\" alt=\"\" width=\"622\" height=\"720\" srcset=\"https:\/\/jorgezanoni.com.br\/2019\/wp-content\/uploads\/2023\/02\/Morena-Rocha-2.jpg 622w, https:\/\/jorgezanoni.com.br\/2019\/wp-content\/uploads\/2023\/02\/Morena-Rocha-2-259x300.jpg 259w, https:\/\/jorgezanoni.com.br\/2019\/wp-content\/uploads\/2023\/02\/Morena-Rocha-2-363x420.jpg 363w\" sizes=\"auto, (max-width: 622px) 100vw, 622px\" \/>Morena Rocha<\/p>\n<p><img loading=\"lazy\" decoding=\"async\" class=\"alignnone size-full wp-image-73637\" src=\"https:\/\/jorgezanoni.com.br\/2019\/wp-content\/uploads\/2023\/02\/Samuel-Alves-2.jpg\" alt=\"\" width=\"706\" height=\"790\" srcset=\"https:\/\/jorgezanoni.com.br\/2019\/wp-content\/uploads\/2023\/02\/Samuel-Alves-2.jpg 706w, https:\/\/jorgezanoni.com.br\/2019\/wp-content\/uploads\/2023\/02\/Samuel-Alves-2-268x300.jpg 268w, https:\/\/jorgezanoni.com.br\/2019\/wp-content\/uploads\/2023\/02\/Samuel-Alves-2-696x779.jpg 696w, https:\/\/jorgezanoni.com.br\/2019\/wp-content\/uploads\/2023\/02\/Samuel-Alves-2-375x420.jpg 375w\" sizes=\"auto, (max-width: 706px) 100vw, 706px\" \/>Samuel Alves<\/p>\n<p>S<img loading=\"lazy\" decoding=\"async\" class=\"alignnone size-full wp-image-73638\" src=\"https:\/\/jorgezanoni.com.br\/2019\/wp-content\/uploads\/2023\/02\/Sonia-Ferreira-1-2.jpg\" alt=\"\" width=\"700\" height=\"817\" srcset=\"https:\/\/jorgezanoni.com.br\/2019\/wp-content\/uploads\/2023\/02\/Sonia-Ferreira-1-2.jpg 700w, https:\/\/jorgezanoni.com.br\/2019\/wp-content\/uploads\/2023\/02\/Sonia-Ferreira-1-2-257x300.jpg 257w, https:\/\/jorgezanoni.com.br\/2019\/wp-content\/uploads\/2023\/02\/Sonia-Ferreira-1-2-696x812.jpg 696w, https:\/\/jorgezanoni.com.br\/2019\/wp-content\/uploads\/2023\/02\/Sonia-Ferreira-1-2-360x420.jpg 360w\" sizes=\"auto, (max-width: 700px) 100vw, 700px\" \/>Sonia Ferreira<\/p>\n","protected":false},"excerpt":{"rendered":"<p>O SITE JZ PARABENIZA OS ANIVERSARIANTES DE HOJE: Ana Lucia Berni Peres Aneliza Dias Vieira Ben\u00edcio Rafael (1 aninho) Bruna R\u00edssoli Dinadai Divo Troyano Fatima Pascoaloto G\u00e1sua Plens Giovana Santiago Orlando (7 anos) Gisele Lira Gracieli Bezerra Maiara Martins Morena Rocha Samuel Alves SSonia Ferreira<\/p>\n","protected":false},"author":1,"featured_media":73629,"comment_status":"closed","ping_status":"open","sticky":false,"template":"","format":"standard","meta":{"footnotes":""},"categories":[174,110],"tags":[],"class_list":["post-73626","post","type-post","status-publish","format-standard","has-post-thumbnail","hentry","category-aniversariantes","category-noticiasdestaque"],"_links":{"self":[{"href":"https:\/\/jorgezanoni.com.br\/2019\/wp-json\/wp\/v2\/posts\/73626","targetHints":{"allow":["GET"]}}],"collection":[{"href":"https:\/\/jorgezanoni.com.br\/2019\/wp-json\/wp\/v2\/posts"}],"about":[{"href":"https:\/\/jorgezanoni.com.br\/2019\/wp-json\/wp\/v2\/types\/post"}],"author":[{"embeddable":true,"href":"https:\/\/jorgezanoni.com.br\/2019\/wp-json\/wp\/v2\/users\/1"}],"replies":[{"embeddable":true,"href":"https:\/\/jorgezanoni.com.br\/2019\/wp-json\/wp\/v2\/comments?post=73626"}],"version-history":[{"count":3,"href":"https:\/\/jorgezanoni.com.br\/2019\/wp-json\/wp\/v2\/posts\/73626\/revisions"}],"predecessor-version":[{"id":73648,"href":"https:\/\/jorgezanoni.com.br\/2019\/wp-json\/wp\/v2\/posts\/73626\/revisions\/73648"}],"wp:featuredmedia":[{"embeddable":true,"href":"https:\/\/jorgezanoni.com.br\/2019\/wp-json\/wp\/v2\/media\/73629"}],"wp:attachment":[{"href":"https:\/\/jorgezanoni.com.br\/2019\/wp-json\/wp\/v2\/media?parent=73626"}],"wp:term":[{"taxonomy":"category","embeddable":true,"href":"https:\/\/jorgezanoni.com.br\/2019\/wp-json\/wp\/v2\/categories?post=73626"},{"taxonomy":"post_tag","embeddable":true,"href":"https:\/\/jorgezanoni.com.br\/2019\/wp-json\/wp\/v2\/tags?post=73626"}],"curies":[{"name":"wp","href":"https:\/\/api.w.org\/{rel}","templated":true}]}}