{"id":73619,"date":"2023-02-08T15:30:08","date_gmt":"2023-02-08T15:30:08","guid":{"rendered":"https:\/\/jorgezanoni.com.br\/2019\/?p=73619"},"modified":"2023-02-08T15:30:08","modified_gmt":"2023-02-08T15:30:08","slug":"crms-dos-formandos-de-medicina-da-unifadra-dracena-sao-expedidos","status":"publish","type":"post","link":"https:\/\/jorgezanoni.com.br\/2019\/crms-dos-formandos-de-medicina-da-unifadra-dracena-sao-expedidos\/","title":{"rendered":"CRMs dos formandos de Medicina da Unifadra Dracena s\u00e3o expedidos"},"content":{"rendered":"<p style=\"text-align: justify;\"><span style=\"font-size: large;\">Ontem (07), o Conselho Federal de Medicina (CFM) fez uso do Parecer CEE N\u00ba 218\/2022, aprovado em 01\/06\/2022, como Ato Regulat\u00f3rio para que fossem emitidas as carteirinhas (CRMs) dos egressos de 2022 do curso de Medicina da Unifadra Dracena.<\/span><\/p>\n<p><span style=\"font-size: large;\">A primeira turma do curso de Medicina teve sua cola\u00e7\u00e3o de grau em 1\u00ba de dezembro de 2022, e agora, com o entendimento do Conselho Federal de Medicina e a emiss\u00e3o dos CRMs, os egressos poder\u00e3o assumir suas vagas em resid\u00eancias m\u00e9dicas, concursos p\u00fablicos, contrata\u00e7\u00f5es privadas, entre outros.<\/span><\/p>\n<p><span style=\"font-size: large;\">Visando a auxiliar seus estudantes, na \u00e9poca da conclus\u00e3o do curso, a equipe gestora da Unifadra contatou a equipe do Conselho Regional de Medicina que, gentilmente, veio at\u00e9 a institui\u00e7\u00e3o no dia 30 de novembro para colher todas as informa\u00e7\u00f5es dos formandos no intuito de agilizar a emiss\u00e3o das carteirinhas.<\/span><\/p>\n<p><span style=\"font-size: large;\">Enio Garbelini, diretor acad\u00eamico da Unifadra, disse que &#8220;esta decis\u00e3o do Conselho Federal de Medicina vem ao encontro de tudo o que a institui\u00e7\u00e3o fez de forma correta e com toda a lisura&#8221; e comenta que a partir de agora o curso entra no fluxo do MEC em seus processos regulat\u00f3rios.<\/span><\/p>\n<p><span style=\"font-size: large;\">O curso de Medicina da Unifadra foi aprovado pelo Conselho Estadual de Educa\u00e7\u00e3o por meio do parecer n\u00ba 73\/2017, aprovado em 22\/02\/2017, e pela portaria CEE-GP-60 6\/03\/2017, do Conselho Estadual de Educa\u00e7\u00e3o (CEE\/SP). A institui\u00e7\u00e3o segue os tr\u00e2mites naturais de um processo de migra\u00e7\u00e3o para a sua vincula\u00e7\u00e3o ao Sistema Federal de Ensino Superior (MEC).<\/span><\/p>\n<p><span style=\"font-size: large;\">\u00c9 importante ressaltar que, durante esse per\u00edodo de entendimentos entre a Faculdade de Medicina e o Conselho Federal de Medicina (CFM), a institui\u00e7\u00e3o sempre contou com o apoio do Poder Executivo, do Poder Legislativo e do Minist\u00e9rio P\u00fablico.<\/span><\/p>\n<p><span style=\"font-size: large;\">A primeira turma do curso de Medicina da Unifadra Dracena concluiu seu ciclo e os ingressantes da Turma VII de Medicina (T7) j\u00e1 iniciaram as aulas no dia 30 de janeiro de 2023.<\/span><\/p>\n<p>Fonte: Depto. de Comunica\u00e7\u00e3o da Fundec<\/p>\n","protected":false},"excerpt":{"rendered":"<p>Ontem (07), o Conselho Federal de Medicina (CFM) fez uso do Parecer CEE N\u00ba 218\/2022, aprovado em 01\/06\/2022, como Ato Regulat\u00f3rio para que fossem emitidas as carteirinhas (CRMs) dos egressos de 2022 do curso de Medicina da Unifadra Dracena. A primeira turma do curso de Medicina teve sua cola\u00e7\u00e3o de grau em 1\u00ba de dezembro [&hellip;]<\/p>\n","protected":false},"author":1,"featured_media":73620,"comment_status":"closed","ping_status":"open","sticky":false,"template":"","format":"standard","meta":{"footnotes":""},"categories":[110,122],"tags":[],"class_list":["post-73619","post","type-post","status-publish","format-standard","has-post-thumbnail","hentry","category-noticiasdestaque","category-saudeeducacaoeconcurso"],"_links":{"self":[{"href":"https:\/\/jorgezanoni.com.br\/2019\/wp-json\/wp\/v2\/posts\/73619","targetHints":{"allow":["GET"]}}],"collection":[{"href":"https:\/\/jorgezanoni.com.br\/2019\/wp-json\/wp\/v2\/posts"}],"about":[{"href":"https:\/\/jorgezanoni.com.br\/2019\/wp-json\/wp\/v2\/types\/post"}],"author":[{"embeddable":true,"href":"https:\/\/jorgezanoni.com.br\/2019\/wp-json\/wp\/v2\/users\/1"}],"replies":[{"embeddable":true,"href":"https:\/\/jorgezanoni.com.br\/2019\/wp-json\/wp\/v2\/comments?post=73619"}],"version-history":[{"count":1,"href":"https:\/\/jorgezanoni.com.br\/2019\/wp-json\/wp\/v2\/posts\/73619\/revisions"}],"predecessor-version":[{"id":73621,"href":"https:\/\/jorgezanoni.com.br\/2019\/wp-json\/wp\/v2\/posts\/73619\/revisions\/73621"}],"wp:featuredmedia":[{"embeddable":true,"href":"https:\/\/jorgezanoni.com.br\/2019\/wp-json\/wp\/v2\/media\/73620"}],"wp:attachment":[{"href":"https:\/\/jorgezanoni.com.br\/2019\/wp-json\/wp\/v2\/media?parent=73619"}],"wp:term":[{"taxonomy":"category","embeddable":true,"href":"https:\/\/jorgezanoni.com.br\/2019\/wp-json\/wp\/v2\/categories?post=73619"},{"taxonomy":"post_tag","embeddable":true,"href":"https:\/\/jorgezanoni.com.br\/2019\/wp-json\/wp\/v2\/tags?post=73619"}],"curies":[{"name":"wp","href":"https:\/\/api.w.org\/{rel}","templated":true}]}}